{"id":470,"date":"2020-08-18T01:54:25","date_gmt":"2020-08-18T01:54:25","guid":{"rendered":"http:\/\/lavereda.com.mx\/?p=470"},"modified":"2020-08-18T02:11:18","modified_gmt":"2020-08-18T02:11:18","slug":"presentan-el-programa-del-festival-arte-nuevo-en-el-noreste","status":"publish","type":"post","link":"https:\/\/lavereda.com.mx\/index.php\/2020\/08\/18\/presentan-el-programa-del-festival-arte-nuevo-en-el-noreste\/","title":{"rendered":"Presentan el programa del Festival Arte Nuevo en el Noreste"},"content":{"rendered":"\n<p>La Secretar\u00edas de Cultura de los Estados de Coahuila, Chihuahua, Durango, Tamaulipas y Nuevo Le\u00f3n presentaron en conjunto con la participaci\u00f3n de la Secretar\u00eda de Cultura Federal, a trav\u00e9s del Sistema de Apoyos a la Creaci\u00f3n y Proyectos Culturales (FONCA), el Programa del Festival de Arte Nuevo (FAN), que se llevar\u00e1 a cabo del 30 de agosto al 3 de octubre del 2020.<\/p>\n\n\n\n<p>En esta su primera edici\u00f3n virtual, llamada \u201cEspacios H\u00edbridos\u201d, este festival propone posicionar las culturas norte\u00f1as a nivel nacional e internacional, potenciando los recursos art\u00edsticos contempor\u00e1neos.  <\/p>\n\n\n\n<p>Durante cinco semanas se abordar\u00e1n distintas disciplinas art\u00edsticas, como \u201cParticipaci\u00f3n y compromiso social en el arte\u201d, \u201cPol\u00edticas culturales\u201d, \u201cInstitucionalidad y gobernanza\u201d, \u201cCultura ambiental\u201d, \u201cCiencia y tecnolog\u00eda\u201d, \u201cPerspectivas estudiantiles\u201d, \u201cPensamiento cr\u00edtico e investigaci\u00f3n\u201d, \u201cGesti\u00f3n cultural\u201d, \u201cIndustrias culturales\u201d, \u201cIdentidad, territorios y cuerpos\u201d, y \u201cG\u00e9nero e inclusi\u00f3n\u201d.<\/p>\n\n\n\n<p>En su mensaje, la titular de Cultura coahuilense, Ana Sof\u00eda Garc\u00eda Camil, expres\u00f3 que es una gran oportunidad participar de este magn\u00edfico festival: <\/p>\n\n\n\n<blockquote class=\"wp-block-quote is-layout-flow wp-block-quote-is-layout-flow\"><p>\u201cEn Coahuila estamos muy emocionados de participar en festival en su primera edici\u00f3n virtual. Este esquema h\u00edbrido-virtual presenta ventajas que contribuyen a potenciar las acciones de la promoci\u00f3n cultural, ya que es una plataforma que da lugar a una mayor resonancia, logrando un alcance mayor que alcanza audiencias de todas partes del mundo\u201d.<\/p><\/blockquote>\n\n\n\n<p>En cuanto a la programaci\u00f3n coahuilense, la Secretaria de Cultura de Coahuila inform\u00f3 que \u00e9sta consta de talentosos j\u00f3venes que destacan en el \u00e1mbito de las artes visuales, como: Alda\u00edr Vigil, Alondra Pe\u00f1a, Carlos Vielma, Karla Rangel y Edith Leija, entre otros.&nbsp;Adem\u00e1s, la Compa\u00f1\u00eda de Danza Mezquite Contempor\u00e1nea, a cargo del maestro Jaime Hinojosa, estar\u00e1n con la coreograf\u00eda Desplazamientos\u2026diario de un Viaje, que aborda el tema de migraci\u00f3n.<\/p>\n\n\n\n<p>Por su parte, La subsecretaria de Desarrollo Cultural de la Secretar\u00eda de Cultura Federal, Marina N\u00fa\u00f1ez Bespalova, destac\u00f3 el arduo trabajo que se llev\u00f3 a cabo para la realizaci\u00f3n de este gran festival, el que, debido a la exigencia actual, se realizar\u00e1 de manera virtual y que tiene la particularidad de colaboraci\u00f3n y participaci\u00f3n entre el equipo cultural de la Regi\u00f3n Noreste.&nbsp;<\/p>\n\n\n\n<p>\u201cConcebir un festival de la magnitud de este no lo imagino f\u00e1cil, por lo que veo se logr\u00f3, y con creces\u201d, dijo. Al tiempo que consider\u00f3 que se tiene que ir m\u00e1s all\u00e1 del norte y convertirse en una aportaci\u00f3n del norte hacia el resto del Pa\u00eds.\u201cEste pude ser un muy buen momento para que conectemos y hagamos redes latinoamericanas, iberoamericanas o lo que sea necesario, y qu\u00e9 bueno que este tipo de espacios finalmente se consolidan\u201d, destac\u00f3.<\/p>\n\n\n\n<p>Estuvieron presentes durante la transmisi\u00f3n, la secretaria ejecutiva del FONCA, Adriana Konzevik Cabib; el presidente del Consejo para la Cultura y las Artes de Nuevo Le\u00f3n (CONARTE), Ricardo Marcos Gonz\u00e1lez; la directora del Instituto Estatal de la Cultura de Durango, Socorro Soto Alan\u00eds, y la directora general de Cultura de Tamaulipas, Sandra Luz Garc\u00eda Guajardo.<\/p>\n\n\n\n<p>Las novedades, fechas, eventos y dem\u00e1s se estar\u00e1n subiendo a las respectivas p\u00e1ginas de Facebook de cada dependencia cultural participante.<\/p>\n","protected":false},"excerpt":{"rendered":"<p>La Secretar\u00edas de Cultura de los Estados de Coahuila, Chihuahua, Durango, Tamaulipas y Nuevo Le\u00f3n presentaron en conjunto con la participaci\u00f3n de la Secretar\u00eda de Cultura Federal, a trav\u00e9s del Sistema de Apoyos a la Creaci\u00f3n y Proyectos Culturales (FONCA), el Programa del Festival de Arte Nuevo<\/p>\n","protected":false},"author":1,"featured_media":471,"comment_status":"open","ping_status":"open","sticky":false,"template":"","format":"standard","meta":{"footnotes":""},"categories":[3,18],"tags":[],"class_list":["post-470","post","type-post","status-publish","format-standard","has-post-thumbnail","hentry","category-artes-visuales","category-lomasrelevante","entry"],"_links":{"self":[{"href":"https:\/\/lavereda.com.mx\/index.php\/wp-json\/wp\/v2\/posts\/470","targetHints":{"allow":["GET"]}}],"collection":[{"href":"https:\/\/lavereda.com.mx\/index.php\/wp-json\/wp\/v2\/posts"}],"about":[{"href":"https:\/\/lavereda.com.mx\/index.php\/wp-json\/wp\/v2\/types\/post"}],"author":[{"embeddable":true,"href":"https:\/\/lavereda.com.mx\/index.php\/wp-json\/wp\/v2\/users\/1"}],"replies":[{"embeddable":true,"href":"https:\/\/lavereda.com.mx\/index.php\/wp-json\/wp\/v2\/comments?post=470"}],"version-history":[{"count":2,"href":"https:\/\/lavereda.com.mx\/index.php\/wp-json\/wp\/v2\/posts\/470\/revisions"}],"predecessor-version":[{"id":473,"href":"https:\/\/lavereda.com.mx\/index.php\/wp-json\/wp\/v2\/posts\/470\/revisions\/473"}],"wp:featuredmedia":[{"embeddable":true,"href":"https:\/\/lavereda.com.mx\/index.php\/wp-json\/wp\/v2\/media\/471"}],"wp:attachment":[{"href":"https:\/\/lavereda.com.mx\/index.php\/wp-json\/wp\/v2\/media?parent=470"}],"wp:term":[{"taxonomy":"category","embeddable":true,"href":"https:\/\/lavereda.com.mx\/index.php\/wp-json\/wp\/v2\/categories?post=470"},{"taxonomy":"post_tag","embeddable":true,"href":"https:\/\/lavereda.com.mx\/index.php\/wp-json\/wp\/v2\/tags?post=470"}],"curies":[{"name":"wp","href":"https:\/\/api.w.org\/{rel}","templated":true}]}}