{"id":4661,"date":"2023-01-12T00:39:11","date_gmt":"2023-01-12T00:39:11","guid":{"rendered":"http:\/\/lavereda.com.mx\/?p=4661"},"modified":"2023-01-12T00:41:32","modified_gmt":"2023-01-12T00:41:32","slug":"camerata-arranca-temporada-primavera-verano-2023","status":"publish","type":"post","link":"https:\/\/lavereda.com.mx\/index.php\/2023\/01\/12\/camerata-arranca-temporada-primavera-verano-2023\/","title":{"rendered":"Camerata arranca temporada primavera &#8211; verano 2023"},"content":{"rendered":"\n<p class=\"has-small-font-size\">Otro a\u00f1o de m\u00fasica cl\u00e1sica dar\u00e1 inicio este viernes 13 de enero con el primer concierto de temporada de Camerata de Coahuila, titulado \u00abConcierto de A\u00f1o Nuevo\u00bb, en el Teatro Isauro Mart\u00ednez en punto de las 20:30 horas.<\/p>\n\n\n\n<p class=\"has-small-font-size\">La orquesta volver\u00e1 a los escenarios con una espectacular temporada Primavera Verano 2023, conformada por un total de 11 conciertos, adem\u00e1s de la producci\u00f3n de la \u00d3pera\u00a0\u201cDon Giovanni\u201d\u00a0de Wolfgang Amadeus Mozart. <\/p>\n\n\n\n<p class=\"has-small-font-size\">En un comunicado, Camerata inform\u00f3 que se han realizado importantes cambios en el Consejo Directivo del Patronato:<\/p>\n\n\n\n<p class=\"has-small-font-size\">\u00abA partir de este a\u00f1o el Magistrado Miguel Mery Ayup y su esposa la Sra. Ana Cristina de Mery, han asumido la vicepresidencia del Patronato de Camerata de Coahuila, posterior de concluir su periodo el pasado mes de diciembre el Arq. Ricardo Santib\u00e1\u00f1ez Cepeda y la Sra. Lucrecia Mart\u00ednez de Santib\u00e1\u00f1ez\u00bb.<\/p>\n\n\n\n<p class=\"has-small-font-size\">Por otra parte, adelantaron que preparan el montaje de una gran \u00f3pera:\u201cDon Giovanni\u201d\u00a0de Wolfgang Amadeus Mozart, que tendr\u00e1 dos presentaciones en el mes junio en el Teatro Nazas. La producci\u00f3n de la \u00f3pera  es gracias a EFIARTES, al ser Camerata de Coahuila acreedora del est\u00edmulo de Proyectos de Inversi\u00f3n. La direcci\u00f3n de los conciertos de la temporada estar\u00e1 bajo la batuta del Maestro Ram\u00f3n Shade director art\u00edstico de la orquesta y del Maestro Ethan Eager.<\/p>\n\n\n\n<p class=\"has-small-font-size\"><strong>PRIMER CONCIERTO<\/strong><\/p>\n\n\n\n<p class=\"has-small-font-size\">Para iniciar con el pie derecho, la agrupaci\u00f3n presentar\u00e1 su \u201cConcierto de A\u00f1o Nuevo\u201d con&nbsp;una \u00fanica presentaci\u00f3n, este viernes 13 de enero, bajo la direcci\u00f3n de Ram\u00f3n Shade.<\/p>\n\n\n\n<p class=\"has-small-font-size\">Dicho concierto contar\u00e1 con valses, polkas y marchas de los hermanos Johann y Josef Strauss, entre las que destacan:&nbsp;\u2018S gibt nur a Kaiserstadt, \u2018s gibt nur a Wien! \u2013&nbsp;Polka, Op.291&nbsp;(Polka \u201cSolo hay una ciudad imperial, solo hay una Viena\u201d), Feuerfest! &#8211;&nbsp;Polka, Op. 269 (Polka \u201cFiesta del fuego\u201d), Wiener Blut&nbsp;\u2013&nbsp;Walzer, Op.&nbsp;354 (Vals \u201cSangre vienesa\u201d), Vergn\u00fcgungszug&nbsp;\u2013 Polka, Op. 281 (Polka \u201cTren de la alegria\u201d), entre otras.<\/p>\n\n\n\n<p class=\"has-small-font-size\">\u00abEn la historia, no ha habido ninguna familia que haya cambiado la escena del baile como la familia Strauss. En el siglo XIX, en todos los salones de baile, se escuchaba y se bailaba la m\u00fasica de compuesta por los Strauss. En total, son m\u00e1s de 1000 composiciones entre el padre y sus hijos\u00bb, inform\u00f3 la orquesta.<\/p>\n\n\n\n<p class=\"has-small-font-size\">\u00abJohann Strauss hijo es sin duda el m\u00e1s grande exponente del vals vienes del siglo XIX. Desde muy joven, a los 19 a\u00f1os, Johann dirig\u00eda su propia orquesta. Despu\u00e9s de la muerte de Johann Strauss Sr. decide unificar su orquesta con la de su padre, y as\u00ed realiza giras por Alemania, Polonia, Rusia, Inglaterra, Francia y Estados Unidos, llevando este g\u00e9nero al punto m\u00e1s alto de popularidad\u00bb.<\/p>\n\n\n\n<p><\/p>\n","protected":false},"excerpt":{"rendered":"<p>Otro a\u00f1o de m\u00fasica cl\u00e1sica dar\u00e1 inicio este viernes 13 de enero con el primer concierto de temporada de Camerata de Coahuila, titulado \u00abConcierto de A\u00f1o Nuevo\u00bb, en el Teatro &hellip; <a href=\"https:\/\/lavereda.com.mx\/index.php\/2023\/01\/12\/camerata-arranca-temporada-primavera-verano-2023\/\" class=\"more-link\">Leer m\u00e1s<\/a><\/p>\n","protected":false},"author":9,"featured_media":4662,"comment_status":"open","ping_status":"open","sticky":false,"template":"","format":"standard","meta":{"footnotes":""},"categories":[18,4],"tags":[],"class_list":["post-4661","post","type-post","status-publish","format-standard","has-post-thumbnail","hentry","category-lomasrelevante","category-musica","entry"],"_links":{"self":[{"href":"https:\/\/lavereda.com.mx\/index.php\/wp-json\/wp\/v2\/posts\/4661","targetHints":{"allow":["GET"]}}],"collection":[{"href":"https:\/\/lavereda.com.mx\/index.php\/wp-json\/wp\/v2\/posts"}],"about":[{"href":"https:\/\/lavereda.com.mx\/index.php\/wp-json\/wp\/v2\/types\/post"}],"author":[{"embeddable":true,"href":"https:\/\/lavereda.com.mx\/index.php\/wp-json\/wp\/v2\/users\/9"}],"replies":[{"embeddable":true,"href":"https:\/\/lavereda.com.mx\/index.php\/wp-json\/wp\/v2\/comments?post=4661"}],"version-history":[{"count":2,"href":"https:\/\/lavereda.com.mx\/index.php\/wp-json\/wp\/v2\/posts\/4661\/revisions"}],"predecessor-version":[{"id":4665,"href":"https:\/\/lavereda.com.mx\/index.php\/wp-json\/wp\/v2\/posts\/4661\/revisions\/4665"}],"wp:featuredmedia":[{"embeddable":true,"href":"https:\/\/lavereda.com.mx\/index.php\/wp-json\/wp\/v2\/media\/4662"}],"wp:attachment":[{"href":"https:\/\/lavereda.com.mx\/index.php\/wp-json\/wp\/v2\/media?parent=4661"}],"wp:term":[{"taxonomy":"category","embeddable":true,"href":"https:\/\/lavereda.com.mx\/index.php\/wp-json\/wp\/v2\/categories?post=4661"},{"taxonomy":"post_tag","embeddable":true,"href":"https:\/\/lavereda.com.mx\/index.php\/wp-json\/wp\/v2\/tags?post=4661"}],"curies":[{"name":"wp","href":"https:\/\/api.w.org\/{rel}","templated":true}]}}