{"id":4658,"date":"2023-01-09T16:54:47","date_gmt":"2023-01-09T16:54:47","guid":{"rendered":"http:\/\/lavereda.com.mx\/?p=4658"},"modified":"2023-01-09T16:54:50","modified_gmt":"2023-01-09T16:54:50","slug":"invitan-al-taller-propedeutico-para-la-licenciatura-en-danza-contemporanea","status":"publish","type":"post","link":"https:\/\/lavereda.com.mx\/index.php\/2023\/01\/09\/invitan-al-taller-propedeutico-para-la-licenciatura-en-danza-contemporanea\/","title":{"rendered":"Invitan al taller proped\u00e9utico para la licenciatura en danza contempor\u00e1nea"},"content":{"rendered":"\n<p>Este 2023, contin\u00faan las opciones para estudiar arte de manera profesional. Conoce la oferta en danza contempor\u00e1nea:<\/p>\n\n\n\n<p>El Instituto Municipal de Educaci\u00f3n y Cultura a trav\u00e9s de la Escuela Municipal de Danza Contempor\u00e1nea de Torre\u00f3n convoca a todos los j\u00f3venes que tengan entre 14 y 21 a\u00f1os que deseen desempe\u00f1arse como bailarines profesionales, al taller<strong>\u00a0<\/strong>proped\u00e9utico<strong>\u00a0<\/strong>que inicia el pr\u00f3ximo lunes 9 de enero a las 16:00 hrs en las instalaciones de la EsDaCont, (calle Zaragoza #40, zona centro).<\/p>\n\n\n\n<p>Es un curso preparatorio para todos aquellos que deseen presentar el examen de admisi\u00f3n para ingresar a la licenciatura que oferta la EsDaCont, que se realizar\u00e1 la primera semana de junio de este a\u00f1o.<\/p>\n\n\n\n<p>Se propone este taller como un acercamiento a las diferentes t\u00e9cnicas de danza contempor\u00e1nea, al reconocimiento del cuerpo&nbsp;como una unidad f\u00edsica, sensible, emocional e intelectual, as\u00ed mismo, afianzar una vocaci\u00f3n dif\u00edcil por sus implicaciones, pero gratificante en sus resultados y, sobre todo, a la socializaci\u00f3n con otros estudiantes con las mismas inquietudes.&nbsp;<\/p>\n\n\n\n<p>La EsDaCont, a trav\u00e9s de su Licenciatura, promueve los cauces que generan el desarrollo, la apreciaci\u00f3n y la profesionalizaci\u00f3n de la danza contempor\u00e1nea. los bailarines que egresen ser\u00e1n lo suficientemente solventes para el desempe\u00f1o y ejercicio de la danza y solventes tambi\u00e9n de una cultura t\u00e9cnica y sensible.<\/p>\n\n\n\n<p>\u00a0Para mayores informes, comunicarse al (871) 711 31 08 f\/ Escuela Municipal de Danza y al IMCE.Este inici\u00f3<\/p>\n","protected":false},"excerpt":{"rendered":"<p>Este 2023, contin\u00faan las opciones para estudiar arte de manera profesional. Conoce la oferta en danza contempor\u00e1nea: El Instituto Municipal de Educaci\u00f3n y Cultura a trav\u00e9s de la Escuela Municipal &hellip; <a href=\"https:\/\/lavereda.com.mx\/index.php\/2023\/01\/09\/invitan-al-taller-propedeutico-para-la-licenciatura-en-danza-contemporanea\/\" class=\"more-link\">Leer m\u00e1s<\/a><\/p>\n","protected":false},"author":1,"featured_media":4659,"comment_status":"open","ping_status":"open","sticky":false,"template":"","format":"standard","meta":{"footnotes":""},"categories":[2,18],"tags":[45,30],"class_list":["post-4658","post","type-post","status-publish","format-standard","has-post-thumbnail","hentry","category-artes-escenicas","category-lomasrelevante","tag-danza","tag-torreon","entry"],"_links":{"self":[{"href":"https:\/\/lavereda.com.mx\/index.php\/wp-json\/wp\/v2\/posts\/4658","targetHints":{"allow":["GET"]}}],"collection":[{"href":"https:\/\/lavereda.com.mx\/index.php\/wp-json\/wp\/v2\/posts"}],"about":[{"href":"https:\/\/lavereda.com.mx\/index.php\/wp-json\/wp\/v2\/types\/post"}],"author":[{"embeddable":true,"href":"https:\/\/lavereda.com.mx\/index.php\/wp-json\/wp\/v2\/users\/1"}],"replies":[{"embeddable":true,"href":"https:\/\/lavereda.com.mx\/index.php\/wp-json\/wp\/v2\/comments?post=4658"}],"version-history":[{"count":1,"href":"https:\/\/lavereda.com.mx\/index.php\/wp-json\/wp\/v2\/posts\/4658\/revisions"}],"predecessor-version":[{"id":4660,"href":"https:\/\/lavereda.com.mx\/index.php\/wp-json\/wp\/v2\/posts\/4658\/revisions\/4660"}],"wp:featuredmedia":[{"embeddable":true,"href":"https:\/\/lavereda.com.mx\/index.php\/wp-json\/wp\/v2\/media\/4659"}],"wp:attachment":[{"href":"https:\/\/lavereda.com.mx\/index.php\/wp-json\/wp\/v2\/media?parent=4658"}],"wp:term":[{"taxonomy":"category","embeddable":true,"href":"https:\/\/lavereda.com.mx\/index.php\/wp-json\/wp\/v2\/categories?post=4658"},{"taxonomy":"post_tag","embeddable":true,"href":"https:\/\/lavereda.com.mx\/index.php\/wp-json\/wp\/v2\/tags?post=4658"}],"curies":[{"name":"wp","href":"https:\/\/api.w.org\/{rel}","templated":true}]}}