{"id":465,"date":"2020-08-17T22:08:08","date_gmt":"2020-08-17T22:08:08","guid":{"rendered":"https:\/\/web.lavereda.com.mx\/?p=465"},"modified":"2020-08-17T22:09:04","modified_gmt":"2020-08-17T22:09:04","slug":"miercoles-19-de-agosto","status":"publish","type":"post","link":"https:\/\/lavereda.com.mx\/index.php\/2020\/08\/17\/miercoles-19-de-agosto\/","title":{"rendered":"Mi\u00e9rcoles 19 de agosto"},"content":{"rendered":"\n<p>El Instituto Nacional de Estudios Hist\u00f3ricos de la Revoluci\u00f3n INEHRM recordar\u00e1 los 80 a\u00f1os de la muerte de Le\u00f3n Trotsky con la conferencia \u00abLe\u00f3n Trotsky: vida, obra y pensamiento\u00bb. Por Olivia Gall.<\/p>\n\n\n\n<p>Hora: 18:00<br>Transmisi\u00f3n Facebook del INEHRM<\/p>\n","protected":false},"excerpt":{"rendered":"<p>El Instituto Nacional de Estudios Hist\u00f3ricos de la Revoluci\u00f3n INEHRM recordar\u00e1 los 80 a\u00f1os de la muerte de Le\u00f3n Trotsky con la conferencia \u00abLe\u00f3n Trotsky: vida, obra y pensamiento\u00bb. Por &hellip; <a href=\"https:\/\/lavereda.com.mx\/index.php\/2020\/08\/17\/miercoles-19-de-agosto\/\" class=\"more-link\">Leer m\u00e1s<\/a><\/p>\n","protected":false},"author":1,"featured_media":467,"comment_status":"open","ping_status":"open","sticky":false,"template":"","format":"standard","meta":{"footnotes":""},"categories":[11],"tags":[],"class_list":["post-465","post","type-post","status-publish","format-standard","has-post-thumbnail","hentry","category-agenda","entry"],"_links":{"self":[{"href":"https:\/\/lavereda.com.mx\/index.php\/wp-json\/wp\/v2\/posts\/465","targetHints":{"allow":["GET"]}}],"collection":[{"href":"https:\/\/lavereda.com.mx\/index.php\/wp-json\/wp\/v2\/posts"}],"about":[{"href":"https:\/\/lavereda.com.mx\/index.php\/wp-json\/wp\/v2\/types\/post"}],"author":[{"embeddable":true,"href":"https:\/\/lavereda.com.mx\/index.php\/wp-json\/wp\/v2\/users\/1"}],"replies":[{"embeddable":true,"href":"https:\/\/lavereda.com.mx\/index.php\/wp-json\/wp\/v2\/comments?post=465"}],"version-history":[{"count":1,"href":"https:\/\/lavereda.com.mx\/index.php\/wp-json\/wp\/v2\/posts\/465\/revisions"}],"predecessor-version":[{"id":466,"href":"https:\/\/lavereda.com.mx\/index.php\/wp-json\/wp\/v2\/posts\/465\/revisions\/466"}],"wp:featuredmedia":[{"embeddable":true,"href":"https:\/\/lavereda.com.mx\/index.php\/wp-json\/wp\/v2\/media\/467"}],"wp:attachment":[{"href":"https:\/\/lavereda.com.mx\/index.php\/wp-json\/wp\/v2\/media?parent=465"}],"wp:term":[{"taxonomy":"category","embeddable":true,"href":"https:\/\/lavereda.com.mx\/index.php\/wp-json\/wp\/v2\/categories?post=465"},{"taxonomy":"post_tag","embeddable":true,"href":"https:\/\/lavereda.com.mx\/index.php\/wp-json\/wp\/v2\/tags?post=465"}],"curies":[{"name":"wp","href":"https:\/\/api.w.org\/{rel}","templated":true}]}}