{"id":4638,"date":"2023-01-06T20:32:02","date_gmt":"2023-01-06T20:32:02","guid":{"rendered":"http:\/\/lavereda.com.mx\/?p=4638"},"modified":"2023-01-07T17:43:35","modified_gmt":"2023-01-07T17:43:35","slug":"mas-de-170-mil-personas-han-visitado-la-expo-dinos-en-puerto-noas","status":"publish","type":"post","link":"https:\/\/lavereda.com.mx\/index.php\/2023\/01\/06\/mas-de-170-mil-personas-han-visitado-la-expo-dinos-en-puerto-noas\/","title":{"rendered":"M\u00e1s de 170 mil personas han visitado la expo \u00abDinos\u00bb en Puerto Noas"},"content":{"rendered":"\n<ul class=\"wp-block-list\"><li>El Telef\u00e9rico de Torre\u00f3n y el Puerto Noas permanecer\u00e1n cerrados por mantenimiento del lunes 9 al viernes 13 de enero.<\/li><\/ul>\n\n\n\n<p>Tras 15 d\u00edas de que la exposici\u00f3n de dinos lleg\u00f3 al Puerto Noas por la temporada decembrina, un total de 176 mil personas han acudido, as\u00ed lo inform\u00f3 la Directora General del Telef\u00e9rico y Puerto Noas, Ver\u00f3nica Soto D\u00edaz.<\/p>\n\n\n\n<p>\u201cEsta semana es cuando m\u00e1s hemos tenido visitantes; el gobernador Miguel Riquelme estuvo de visita el d\u00eda 1 de enero y fue donado el \u2018huesitos\u2019 a Puerto Noas. Se trata de un esqueleto de un tiranosaurio rex para el deleite de todas y todos\u201d.<\/p>\n\n\n\n<p>El 20 de diciembre se anunci\u00f3 que la misma estar\u00eda abierta al p\u00fablico toda la temporada decembrina, y esto siempre motiva a miles de visitas de laguneras y laguneros, expres\u00f3.<\/p>\n\n\n\n<p>Ver\u00f3nica Soto record\u00f3 que se cuenta con decoraci\u00f3n navide\u00f1a en Puerto Noas, es decir, los paseantes podr\u00e1n disfrutar de un nacimiento de tama\u00f1o natural y un set de fotograf\u00eda con El Cascanueces, que estar\u00e1 hasta este domingo 8 de enero.<\/p>\n\n\n\n<p>De los costos, la servidora p\u00fablica expres\u00f3 que la entrada general es de 30 pesos, mientras que los ni\u00f1os, estudiantes con credencial y adultos mayores pagan s\u00f3lo 15 pesos.<\/p>\n\n\n\n<p>El horario del Telef\u00e9rico Torre\u00f3n es de es de 10:00 a 22:00 horas de martes a domingo: \u201cSin embargo, cerraremos del lunes 9 al viernes 13 de enero, me lo pidieron los ingenieros. El Telef\u00e9rico est\u00e1 funcionando muy bien, pero hay que hacer cambios de aceites y dar mantenimiento preventivo\u201d.<\/p>\n\n\n\n<p>Finalmente, y a\u00fan cuando las temperaturas han sido favorables en los \u00faltimos d\u00edas en la Regi\u00f3n Laguna, la funcionaria exhorta a la poblaci\u00f3n a que acuda abrigada y con calzado c\u00f3modo.<\/p>\n\n\n\n<p>Tambi\u00e9n se anunci\u00f3 que tanto Telef\u00e9rico y Puerto Noas estar\u00e1n cerrados del 9 al 13 de enero por mantenimiento.<\/p>\n","protected":false},"excerpt":{"rendered":"<p>El Telef\u00e9rico de Torre\u00f3n y el Puerto Noas permanecer\u00e1n cerrados por mantenimiento del lunes 9 al viernes 13 de enero. Tras 15 d\u00edas de que la exposici\u00f3n de dinos lleg\u00f3 &hellip; <a href=\"https:\/\/lavereda.com.mx\/index.php\/2023\/01\/06\/mas-de-170-mil-personas-han-visitado-la-expo-dinos-en-puerto-noas\/\" class=\"more-link\">Leer m\u00e1s<\/a><\/p>\n","protected":false},"author":1,"featured_media":4639,"comment_status":"open","ping_status":"open","sticky":false,"template":"","format":"standard","meta":{"footnotes":""},"categories":[3],"tags":[73],"class_list":["post-4638","post","type-post","status-publish","format-standard","has-post-thumbnail","hentry","category-artes-visuales","tag-teleferico","entry"],"_links":{"self":[{"href":"https:\/\/lavereda.com.mx\/index.php\/wp-json\/wp\/v2\/posts\/4638","targetHints":{"allow":["GET"]}}],"collection":[{"href":"https:\/\/lavereda.com.mx\/index.php\/wp-json\/wp\/v2\/posts"}],"about":[{"href":"https:\/\/lavereda.com.mx\/index.php\/wp-json\/wp\/v2\/types\/post"}],"author":[{"embeddable":true,"href":"https:\/\/lavereda.com.mx\/index.php\/wp-json\/wp\/v2\/users\/1"}],"replies":[{"embeddable":true,"href":"https:\/\/lavereda.com.mx\/index.php\/wp-json\/wp\/v2\/comments?post=4638"}],"version-history":[{"count":2,"href":"https:\/\/lavereda.com.mx\/index.php\/wp-json\/wp\/v2\/posts\/4638\/revisions"}],"predecessor-version":[{"id":4642,"href":"https:\/\/lavereda.com.mx\/index.php\/wp-json\/wp\/v2\/posts\/4638\/revisions\/4642"}],"wp:featuredmedia":[{"embeddable":true,"href":"https:\/\/lavereda.com.mx\/index.php\/wp-json\/wp\/v2\/media\/4639"}],"wp:attachment":[{"href":"https:\/\/lavereda.com.mx\/index.php\/wp-json\/wp\/v2\/media?parent=4638"}],"wp:term":[{"taxonomy":"category","embeddable":true,"href":"https:\/\/lavereda.com.mx\/index.php\/wp-json\/wp\/v2\/categories?post=4638"},{"taxonomy":"post_tag","embeddable":true,"href":"https:\/\/lavereda.com.mx\/index.php\/wp-json\/wp\/v2\/tags?post=4638"}],"curies":[{"name":"wp","href":"https:\/\/api.w.org\/{rel}","templated":true}]}}