{"id":4633,"date":"2023-01-06T16:57:36","date_gmt":"2023-01-06T16:57:36","guid":{"rendered":"http:\/\/lavereda.com.mx\/?p=4633"},"modified":"2023-01-06T16:57:39","modified_gmt":"2023-01-06T16:57:39","slug":"emily-la-criminal","status":"publish","type":"post","link":"https:\/\/lavereda.com.mx\/index.php\/2023\/01\/06\/emily-la-criminal\/","title":{"rendered":"Emily La Criminal"},"content":{"rendered":"\n<p><strong>Emily, the criminal, 2021<\/strong><\/p>\n\n\n\n<p>Amazon Prime Video<\/p>\n\n\n\n<p>Audrey Plaza est\u00e1 en su mejor interpretaci\u00f3n como Emily, una chica talentosa que tiene p\u00e9simos h\u00e1bitos, capacidades nulas para relacionarse en sociedad y un pasado turbulento.<\/p>\n\n\n\n<p>Repudiada y rillada por un entorno que, siente, la ha relegado, dej\u00e1ndola sin empleo, encuentra ocupaciones diversas con un empleador misterioso que la utiliza para entregar mercanc\u00eda il\u00edcita, o para ser intermediaria en operaciones de fraude, que provocan millonarias ganancias.<\/p>\n\n\n\n<p>Hasta que la vor\u00e1gine la lleva a tomar decisiones cada vez m\u00e1s atrevidas que la hacen que arriesgue todo, motivada por la ganancia y obligada por los patrones.<\/p>\n\n\n\n<p>La cinta es un duro thriller social, que muestra c\u00f3mo algunas personas son llevadas al l\u00edmite por las circunstancias en un entorno que parece conspirar en su contra.&nbsp;<\/p>\n\n\n\n<p>Plaza, conocida mayormente por sus participaciones de comedia, aqu\u00ed se revela en una interpretaci\u00f3n vigorosa e intimidante de una mujer resuelta a tomar por la fuerza lo que cree que la vida le debe.<\/p>\n\n\n\n<p>Muy buena opci\u00f3n.<\/p>\n\n\n\n<p>(NC-17. No apto para menores de 18)<\/p>\n\n\n\n<p>@LucianoCamposG<\/p>\n\n\n\n<figure class=\"wp-block-embed is-type-video is-provider-youtube wp-block-embed-youtube wp-embed-aspect-16-9 wp-has-aspect-ratio\"><div class=\"wp-block-embed__wrapper\">\n<iframe title=\"Emily La Criminal | Tr\u00e1iler\" width=\"1170\" height=\"658\" src=\"https:\/\/www.youtube.com\/embed\/w1qu89y19tU?feature=oembed\" frameborder=\"0\" allow=\"accelerometer; autoplay; clipboard-write; encrypted-media; gyroscope; picture-in-picture; web-share\" allowfullscreen><\/iframe>\n<\/div><\/figure>\n","protected":false},"excerpt":{"rendered":"<p>Emily, the criminal, 2021 Amazon Prime Video Audrey Plaza est\u00e1 en su mejor interpretaci\u00f3n como Emily, una chica talentosa que tiene p\u00e9simos h\u00e1bitos, capacidades nulas para relacionarse en sociedad y &hellip; <a href=\"https:\/\/lavereda.com.mx\/index.php\/2023\/01\/06\/emily-la-criminal\/\" class=\"more-link\">Leer m\u00e1s<\/a><\/p>\n","protected":false},"author":3,"featured_media":4634,"comment_status":"open","ping_status":"open","sticky":false,"template":"","format":"standard","meta":{"footnotes":""},"categories":[6,7],"tags":[40],"class_list":["post-4633","post","type-post","status-publish","format-standard","has-post-thumbnail","hentry","category-cinetv","category-entretenimiento","tag-cine","entry"],"_links":{"self":[{"href":"https:\/\/lavereda.com.mx\/index.php\/wp-json\/wp\/v2\/posts\/4633","targetHints":{"allow":["GET"]}}],"collection":[{"href":"https:\/\/lavereda.com.mx\/index.php\/wp-json\/wp\/v2\/posts"}],"about":[{"href":"https:\/\/lavereda.com.mx\/index.php\/wp-json\/wp\/v2\/types\/post"}],"author":[{"embeddable":true,"href":"https:\/\/lavereda.com.mx\/index.php\/wp-json\/wp\/v2\/users\/3"}],"replies":[{"embeddable":true,"href":"https:\/\/lavereda.com.mx\/index.php\/wp-json\/wp\/v2\/comments?post=4633"}],"version-history":[{"count":1,"href":"https:\/\/lavereda.com.mx\/index.php\/wp-json\/wp\/v2\/posts\/4633\/revisions"}],"predecessor-version":[{"id":4635,"href":"https:\/\/lavereda.com.mx\/index.php\/wp-json\/wp\/v2\/posts\/4633\/revisions\/4635"}],"wp:featuredmedia":[{"embeddable":true,"href":"https:\/\/lavereda.com.mx\/index.php\/wp-json\/wp\/v2\/media\/4634"}],"wp:attachment":[{"href":"https:\/\/lavereda.com.mx\/index.php\/wp-json\/wp\/v2\/media?parent=4633"}],"wp:term":[{"taxonomy":"category","embeddable":true,"href":"https:\/\/lavereda.com.mx\/index.php\/wp-json\/wp\/v2\/categories?post=4633"},{"taxonomy":"post_tag","embeddable":true,"href":"https:\/\/lavereda.com.mx\/index.php\/wp-json\/wp\/v2\/tags?post=4633"}],"curies":[{"name":"wp","href":"https:\/\/api.w.org\/{rel}","templated":true}]}}