{"id":4594,"date":"2022-12-26T03:00:00","date_gmt":"2022-12-26T03:00:00","guid":{"rendered":"http:\/\/lavereda.com.mx\/?p=4594"},"modified":"2022-12-27T04:03:21","modified_gmt":"2022-12-27T04:03:21","slug":"nuestra-herencia-femenina-una-herencia-que-perdura","status":"publish","type":"post","link":"https:\/\/lavereda.com.mx\/index.php\/2022\/12\/26\/nuestra-herencia-femenina-una-herencia-que-perdura\/","title":{"rendered":"Nuestra herencia femenina, una recuerdo que perdura"},"content":{"rendered":"\n<p>\u00bfDe qui\u00e9nes aprendemos las mujeres a trazar un camino por la vida? De nuestra herencia femenina, las mayores fortalezas, quiz\u00e1s tambi\u00e9n las debilidades, las hemos aprendido de ellas: madres, abuelas, t\u00edas, t\u00edas abuelas, primas, cu\u00f1adas, hermanas.&nbsp;<\/p>\n\n\n\n<p>Desde lo m\u00e1s alto de un \u00e1rbol geneal\u00f3gico, aunque sea en la mente vive la historia de una mujer que, incre\u00edblemente, dej\u00f3 huella en sus futuras generaciones. La cocina, los olores, las costuras, los oficios de las mujeres que nos precedieron trascienden todo el tiempo en nuestras vidas y en nuestro alrededor.<\/p>\n\n\n\n<p>Hace poco le\u00ed que seg\u00fan una religi\u00f3n oriental lo que hacemos en este mundo terrenal tiene influencia siete generaciones antes y repercute siete generaciones despu\u00e9s. A veces se trata de limpiar lo negativo de esas herencias y nuestra influencia posterior, pero en otras, el linaje se vive en esa cadena amorosa que vamos transmitiendo a los dem\u00e1s.<\/p>\n\n\n\n<p>En estas fechas, es dif\u00edcil no recordar la herencia que rodea las costumbres que, pese a la cotidianidad y la vida moderna siguen presentes. Una parte de la cena de navidad, siempre ha tenido el toque de mis dos abuelas, a pesar de que ellas no est\u00e1n. Sabores, olores y texturas, pero, sobre todo el recuerdo de que eran ellas quienes sab\u00edan reunir a toda la familia en Nochebuena.<\/p>\n\n\n\n<p>En esta temporada, y desde tiempo atr\u00e1s, he recordado a mis abuelas y a mis t\u00edas que ya no est\u00e1n. Detalles como el jab\u00f3n y el talco de mi abuela Laurencia, el montoncito de harina que convert\u00eda en una deliciosa masa para preparar tortillas, las mejores y m\u00e1s caseras que he probado.<\/p>\n\n\n\n<p>De In\u00e9s, mi otra abuela, recuerdo las macetas en la ventana de su cocina y el patio de baldosas de color rojo, en las ma\u00f1anas la mermelada y el pan tostado, en las tardes el arroz rojo y el guisado de frijoles, siempre en su cocina cada d\u00eda de la semana. Su gran ritmo al bailar y su tocador lleno de perfumes, cremas y maquillaje que la hac\u00edan ver tan elegante.<\/p>\n\n\n\n<p>Este a\u00f1o dijimos adi\u00f3s en la distancia a la t\u00eda Ana. Ella y su hospitalidad nos permiti\u00f3 conocer el sur del pa\u00eds, nos regal\u00f3 tardes y noches de licores y risas, nos regal\u00f3 lazos entre primas, del norte y el sur, que llenaron de paisajes distintos nuestras infancias.<\/p>\n\n\n\n<p>Detr\u00e1s de ella, est\u00e1n las generaciones de las t\u00edas abuelas, que se rodeaban de bu\u00f1uelos, tamales y carne asada las navidades y d\u00edas festivos. Que vest\u00edan con blusas sesenteras y poco a poco ti\u00f1eron sus cabezas de blanco y regalaron sonrisas c\u00e1ndidas a sobrinas, nietos y a toda su herencia familiar.<\/p>\n\n\n\n<blockquote class=\"wp-block-quote is-layout-flow wp-block-quote-is-layout-flow\"><p>Las t\u00edas y abuelas ten\u00edan todas esas bondades femeninas que fueron virtudes hist\u00f3ricas: sab\u00edan coser, tejer, hacer pasteles y pas\u00e1rsela bien en todas las reuniones. Algunas pod\u00edan viajar solas por 11 horas y transportarse en autob\u00fas en una ciudad que no era su lugar de residencia. Pod\u00edan caminar por calles muy largas y sobreponerse al calor y al fr\u00edo cuanto antes.<\/p><\/blockquote>\n\n\n\n<p>Hoy, dedico este texto a las t\u00edas y abuelas que ya no est\u00e1n, porque las navidades son como las vivimos, porque se recuerdo permanece en nuestra memoria.<\/p>\n","protected":false},"excerpt":{"rendered":"<p>\u00bfDe qui\u00e9nes aprendemos las mujeres a trazar un camino por la vida? De nuestra herencia femenina, las mayores fortalezas, quiz\u00e1s tambi\u00e9n las debilidades, las hemos aprendido de ellas: madres, abuelas, &hellip; <a href=\"https:\/\/lavereda.com.mx\/index.php\/2022\/12\/26\/nuestra-herencia-femenina-una-herencia-que-perdura\/\" class=\"more-link\">Leer m\u00e1s<\/a><\/p>\n","protected":false},"author":9,"featured_media":4595,"comment_status":"open","ping_status":"open","sticky":false,"template":"","format":"standard","meta":{"footnotes":""},"categories":[18,9],"tags":[],"class_list":["post-4594","post","type-post","status-publish","format-standard","has-post-thumbnail","hentry","category-lomasrelevante","category-opinion","entry"],"_links":{"self":[{"href":"https:\/\/lavereda.com.mx\/index.php\/wp-json\/wp\/v2\/posts\/4594","targetHints":{"allow":["GET"]}}],"collection":[{"href":"https:\/\/lavereda.com.mx\/index.php\/wp-json\/wp\/v2\/posts"}],"about":[{"href":"https:\/\/lavereda.com.mx\/index.php\/wp-json\/wp\/v2\/types\/post"}],"author":[{"embeddable":true,"href":"https:\/\/lavereda.com.mx\/index.php\/wp-json\/wp\/v2\/users\/9"}],"replies":[{"embeddable":true,"href":"https:\/\/lavereda.com.mx\/index.php\/wp-json\/wp\/v2\/comments?post=4594"}],"version-history":[{"count":4,"href":"https:\/\/lavereda.com.mx\/index.php\/wp-json\/wp\/v2\/posts\/4594\/revisions"}],"predecessor-version":[{"id":4603,"href":"https:\/\/lavereda.com.mx\/index.php\/wp-json\/wp\/v2\/posts\/4594\/revisions\/4603"}],"wp:featuredmedia":[{"embeddable":true,"href":"https:\/\/lavereda.com.mx\/index.php\/wp-json\/wp\/v2\/media\/4595"}],"wp:attachment":[{"href":"https:\/\/lavereda.com.mx\/index.php\/wp-json\/wp\/v2\/media?parent=4594"}],"wp:term":[{"taxonomy":"category","embeddable":true,"href":"https:\/\/lavereda.com.mx\/index.php\/wp-json\/wp\/v2\/categories?post=4594"},{"taxonomy":"post_tag","embeddable":true,"href":"https:\/\/lavereda.com.mx\/index.php\/wp-json\/wp\/v2\/tags?post=4594"}],"curies":[{"name":"wp","href":"https:\/\/api.w.org\/{rel}","templated":true}]}}