{"id":4583,"date":"2022-12-23T17:55:28","date_gmt":"2022-12-23T17:55:28","guid":{"rendered":"http:\/\/lavereda.com.mx\/?p=4583"},"modified":"2022-12-23T17:55:29","modified_gmt":"2022-12-23T17:55:29","slug":"regresa-la-exhibicion-de-dinosaurios-a-puerto-noas","status":"publish","type":"post","link":"https:\/\/lavereda.com.mx\/index.php\/2022\/12\/23\/regresa-la-exhibicion-de-dinosaurios-a-puerto-noas\/","title":{"rendered":"Regresa la exhibici\u00f3n de Dinosaurios a Puerto Noas"},"content":{"rendered":"\n<p>Los Dinos est\u00e1n de vuelta en Torre\u00f3n a partir de hoy en Puerto Noas y Telef\u00e9rico Torre\u00f3n, un lugar de esparcimiento para todas las familias de La Laguna y visitantes de otras regiones del pa\u00eds.<\/p>\n\n\n\n<p>En este respecto, Ver\u00f3nica Soto D\u00edaz, Directora de estos espacios tur\u00edsticos, explic\u00f3 que la exposici\u00f3n estar\u00e1 disponible desde este pr\u00f3ximo s\u00e1bado 23 y toda la temporada decembrina.\u00a0<\/p>\n\n\n\n<p>\u201cSe espera que un mes, aunque estaremos pendientes de las instrucciones de nuestro Gobernador, ya que es un obsequio para todos nosotros\u201d, afirm\u00f3.<\/p>\n\n\n\n<p>Destac\u00f3 que ser\u00e1 el viernes 22 cuando comience el montaje de estos ejemplares, que pertenecen a la ruta tur\u00edstica \u201cVinos y Dinos\u201d, piezas distintas a las que ya se han expuesto en este mismo recinto.<\/p>\n\n\n\n<p>De los horarios que se estar\u00e1n manejando para los d\u00edas festivos, explic\u00f3:<\/p>\n\n\n\n<p>+ 23 de diciembre, horario de las 10:00 a las 22:00 horas.<\/p>\n\n\n\n<p>+ 24 de diciembre, horario de las 10:00 a las 16:00 horas.<\/p>\n\n\n\n<p>+ 25 de diciembre, horario de las 10:00 a las 22:00 horas.<\/p>\n\n\n\n<p>+ 31 de diciembre, horario de las 10:00 a las 22:00 horas.<\/p>\n\n\n\n<p>\u201cLa experiencia previa nos indica que el 24 se acostumbra estar con la familia y disfrutar de la cena de Navidad, y esto tambi\u00e9n hace que haya menos afluencia. Sin embargo, el d\u00eda 25 de diciembre muchas familias aprovechan para visitar este tipo de lugares, as\u00ed que por eso tomamos la decisi\u00f3n de abrir todo el d\u00eda\u201d, recalc\u00f3.<\/p>\n\n\n\n<p>Adem\u00e1s de esta interesante exposici\u00f3n, los visitantes podr\u00e1n disfrutar de la decoraci\u00f3n navide\u00f1a, con el nacimiento tama\u00f1o natural y los sets fotogr\u00e1ficos con el Cascanueces y Santa Claus.<\/p>\n\n\n\n<p>Cabe resaltar que para la semana del 26 al 30 de diciembre se est\u00e1 preparando una cartelera especial, que ser\u00e1 anunciada en lo pr\u00f3ximo a trav\u00e9s de las redes sociales de estos espacios.<\/p>\n\n\n\n<p>En cuanto a los costos del transporte, indic\u00f3 que ser\u00e1n los mismos que se manejan: + 30 pesos en la entrada general.<\/p>\n\n\n\n<p>+ 15 pesos para adultos mayores, ni\u00f1os, estudiantes y personas con discapacidad.<\/p>\n\n\n\n<p>Los d\u00edas que no son festivos se trabajar\u00e1n normal, de las 10:00 a las 22:00 horas, tomando en cuenta que el parque cierra labores a las 23:00 horas.<\/p>\n\n\n\n<p>En dado caso de subir en autom\u00f3vil, el costo que se cubre es el del estacionamiento.<\/p>\n\n\n\n<p>Soto D\u00edaz tambi\u00e9n recomend\u00f3 a los visitantes acudir con ropa abrigadora, ya que la temperatura arriba del cerro tiende a bajar bastante, as\u00ed como con zapato c\u00f3modo, porque hay que caminar entre las atracciones.<\/p>\n","protected":false},"excerpt":{"rendered":"<p>Los Dinos est\u00e1n de vuelta en Torre\u00f3n a partir de hoy en Puerto Noas y Telef\u00e9rico Torre\u00f3n, un lugar de esparcimiento para todas las familias de La Laguna y visitantes &hellip; <a href=\"https:\/\/lavereda.com.mx\/index.php\/2022\/12\/23\/regresa-la-exhibicion-de-dinosaurios-a-puerto-noas\/\" class=\"more-link\">Leer m\u00e1s<\/a><\/p>\n","protected":false},"author":1,"featured_media":4584,"comment_status":"open","ping_status":"open","sticky":false,"template":"","format":"standard","meta":{"footnotes":""},"categories":[3,18],"tags":[19,64,30],"class_list":["post-4583","post","type-post","status-publish","format-standard","has-post-thumbnail","hentry","category-artes-visuales","category-lomasrelevante","tag-19","tag-puerto-noas","tag-torreon","entry"],"_links":{"self":[{"href":"https:\/\/lavereda.com.mx\/index.php\/wp-json\/wp\/v2\/posts\/4583","targetHints":{"allow":["GET"]}}],"collection":[{"href":"https:\/\/lavereda.com.mx\/index.php\/wp-json\/wp\/v2\/posts"}],"about":[{"href":"https:\/\/lavereda.com.mx\/index.php\/wp-json\/wp\/v2\/types\/post"}],"author":[{"embeddable":true,"href":"https:\/\/lavereda.com.mx\/index.php\/wp-json\/wp\/v2\/users\/1"}],"replies":[{"embeddable":true,"href":"https:\/\/lavereda.com.mx\/index.php\/wp-json\/wp\/v2\/comments?post=4583"}],"version-history":[{"count":1,"href":"https:\/\/lavereda.com.mx\/index.php\/wp-json\/wp\/v2\/posts\/4583\/revisions"}],"predecessor-version":[{"id":4585,"href":"https:\/\/lavereda.com.mx\/index.php\/wp-json\/wp\/v2\/posts\/4583\/revisions\/4585"}],"wp:featuredmedia":[{"embeddable":true,"href":"https:\/\/lavereda.com.mx\/index.php\/wp-json\/wp\/v2\/media\/4584"}],"wp:attachment":[{"href":"https:\/\/lavereda.com.mx\/index.php\/wp-json\/wp\/v2\/media?parent=4583"}],"wp:term":[{"taxonomy":"category","embeddable":true,"href":"https:\/\/lavereda.com.mx\/index.php\/wp-json\/wp\/v2\/categories?post=4583"},{"taxonomy":"post_tag","embeddable":true,"href":"https:\/\/lavereda.com.mx\/index.php\/wp-json\/wp\/v2\/tags?post=4583"}],"curies":[{"name":"wp","href":"https:\/\/api.w.org\/{rel}","templated":true}]}}