{"id":4569,"date":"2022-12-20T16:17:23","date_gmt":"2022-12-20T16:17:23","guid":{"rendered":"http:\/\/lavereda.com.mx\/?p=4569"},"modified":"2022-12-20T16:17:24","modified_gmt":"2022-12-20T16:17:24","slug":"presentan-pastorela-con-critica-social-las-movidas-de-la-mary","status":"publish","type":"post","link":"https:\/\/lavereda.com.mx\/index.php\/2022\/12\/20\/presentan-pastorela-con-critica-social-las-movidas-de-la-mary\/","title":{"rendered":"Presentan pastorela con cr\u00edtica social \u00abLas movidas de la Mary\u00bb"},"content":{"rendered":"\n<p>La compa\u00f1\u00eda Esc\u00e9nica Fantoche, bajo la direcci\u00f3n de El\u00edas Garc\u00eda, presenta el cierre de temporada de la obra \u201cLas movidas de la Mary\u201d, una pastorela con una propuesta diferente a lo m\u00e1s tradicional.<\/p>\n\n\n\n<p>La \u00faltima funci\u00f3n se presenta este mi\u00e9rcoles 21 de diciembre a las 20:00 horas, en el foro La Ardilla que r\u00ede. Ubicado en privada Ponciano Arriaga 166.<\/p>\n\n\n\n<p>Sobre esta obra, el director destac\u00f3 que \u201ces la historia de la anunciaci\u00f3n de Cristo y la pastorela tradicional, pero bajo la premisa de quitarle el consentimiento a todo. Terminamos con una pastorela que retrata de forma chusca un mont\u00f3n de violencia sist\u00e9mica machistas mis\u00f3ginas andr\u00f3ginas\u201d.<\/p>\n\n\n\n<p>\u201cLa pastorela est\u00e1 construida desde el absurdo, la anacron\u00eda y una total falta de respeto a los valores conservadores\u201d.<\/p>\n\n\n\n<p>Esc\u00e9nica Fantoche es una compa\u00f1\u00eda de teatro, clown y cabaret con temporadas esc\u00e9nicas para toda la familia.&nbsp;<\/p>\n\n\n\n<p>\u201cLas movidas de la Mary\u201d es para j\u00f3venes y adultos.<\/p>\n","protected":false},"excerpt":{"rendered":"<p>La compa\u00f1\u00eda Esc\u00e9nica Fantoche, bajo la direcci\u00f3n de El\u00edas Garc\u00eda, presenta el cierre de temporada de la obra \u201cLas movidas de la Mary\u201d, una pastorela con una propuesta diferente a &hellip; <a href=\"https:\/\/lavereda.com.mx\/index.php\/2022\/12\/20\/presentan-pastorela-con-critica-social-las-movidas-de-la-mary\/\" class=\"more-link\">Leer m\u00e1s<\/a><\/p>\n","protected":false},"author":9,"featured_media":4570,"comment_status":"open","ping_status":"open","sticky":false,"template":"","format":"standard","meta":{"footnotes":""},"categories":[2,18],"tags":[19,36],"class_list":["post-4569","post","type-post","status-publish","format-standard","has-post-thumbnail","hentry","category-artes-escenicas","category-lomasrelevante","tag-19","tag-teatro","entry"],"_links":{"self":[{"href":"https:\/\/lavereda.com.mx\/index.php\/wp-json\/wp\/v2\/posts\/4569","targetHints":{"allow":["GET"]}}],"collection":[{"href":"https:\/\/lavereda.com.mx\/index.php\/wp-json\/wp\/v2\/posts"}],"about":[{"href":"https:\/\/lavereda.com.mx\/index.php\/wp-json\/wp\/v2\/types\/post"}],"author":[{"embeddable":true,"href":"https:\/\/lavereda.com.mx\/index.php\/wp-json\/wp\/v2\/users\/9"}],"replies":[{"embeddable":true,"href":"https:\/\/lavereda.com.mx\/index.php\/wp-json\/wp\/v2\/comments?post=4569"}],"version-history":[{"count":1,"href":"https:\/\/lavereda.com.mx\/index.php\/wp-json\/wp\/v2\/posts\/4569\/revisions"}],"predecessor-version":[{"id":4571,"href":"https:\/\/lavereda.com.mx\/index.php\/wp-json\/wp\/v2\/posts\/4569\/revisions\/4571"}],"wp:featuredmedia":[{"embeddable":true,"href":"https:\/\/lavereda.com.mx\/index.php\/wp-json\/wp\/v2\/media\/4570"}],"wp:attachment":[{"href":"https:\/\/lavereda.com.mx\/index.php\/wp-json\/wp\/v2\/media?parent=4569"}],"wp:term":[{"taxonomy":"category","embeddable":true,"href":"https:\/\/lavereda.com.mx\/index.php\/wp-json\/wp\/v2\/categories?post=4569"},{"taxonomy":"post_tag","embeddable":true,"href":"https:\/\/lavereda.com.mx\/index.php\/wp-json\/wp\/v2\/tags?post=4569"}],"curies":[{"name":"wp","href":"https:\/\/api.w.org\/{rel}","templated":true}]}}