{"id":4557,"date":"2022-12-16T20:12:39","date_gmt":"2022-12-16T20:12:39","guid":{"rendered":"http:\/\/lavereda.com.mx\/?p=4557"},"modified":"2022-12-16T20:12:40","modified_gmt":"2022-12-16T20:12:40","slug":"pinocho-2","status":"publish","type":"post","link":"https:\/\/lavereda.com.mx\/index.php\/2022\/12\/16\/pinocho-2\/","title":{"rendered":"Pinocho"},"content":{"rendered":"\n<p>Guillermo del Toro\u2019s Pinocchio, 2022<\/p>\n\n\n\n<p>Netflix<\/p>\n\n\n\n<p>Esta obra maestra de la animaci\u00f3n, dirigida por el mexicano Guillermo del Toro, es una reinterpretaci\u00f3n del texto del italiano Carlo Collodi. La nueva versi\u00f3n es sombr\u00eda y grotesca, enfocada m\u00e1s en las emociones provocadas por sentimientos dolorosos como la muerte, la discriminaci\u00f3n, el extrav\u00edo, la intimidaci\u00f3n y otros, que conducen hacia la tristeza y el sufrimiento.<\/p>\n\n\n\n<p>La versi\u00f3n de 1940, de Disney, como se conoc\u00eda, ha quedado superada y superpuesta por la fantas\u00eda animada en stop motion que sigue a un deforme mu\u00f1eco de pino, hecho por un carpintero que quiere sustituir al hijo que perdi\u00f3 a causa de la guerra.<\/p>\n\n\n\n<p>Del Toro se mete en complejas profundidades emocionales, que convierten la an\u00e9cdota del gracioso mu\u00f1eco animado, en una larga odisea para encontrar la aceptaci\u00f3n, con el pago de un alto precio de violencia f\u00edsica y espiritual.&nbsp;<\/p>\n\n\n\n<p>Es bell\u00edsima la animaci\u00f3n tridimensional que se concentra en provocar vibraciones espirituales en los personajes. Con su cara de palo, Pinocho sufre porque no es querido. Gepetto tiene los ojos apagados por el dolor y sus cuencas est\u00e1n permanentemente humedecidas por las l\u00e1grimas. El Esp\u00edritu del Bosque detr\u00e1s de su rostro inexpresivo, proyecta gran generosidad.<\/p>\n\n\n\n<p>El director no se guarda nada. Reflexiona sobre lo que se debe hacer durante el tiempo que uno pasa por este mundo y la necesidad universal de buscar el amor.<\/p>\n\n\n\n<p>Soberbia.<\/p>\n\n\n\n<p>(PG. Orientaci\u00f3n de los padres)<\/p>\n\n\n\n<p>@LucianoCamposG<\/p>\n\n\n\n<figure class=\"wp-block-embed is-type-video is-provider-youtube wp-block-embed-youtube wp-embed-aspect-16-9 wp-has-aspect-ratio\"><div class=\"wp-block-embed__wrapper\">\n<iframe title=\"Pinocho de Guillermo del Toro | Tr\u00e1iler oficial | Netflix\" width=\"1170\" height=\"658\" src=\"https:\/\/www.youtube.com\/embed\/-WgZ_IQU0Ks?feature=oembed\" frameborder=\"0\" allow=\"accelerometer; autoplay; clipboard-write; encrypted-media; gyroscope; picture-in-picture\" allowfullscreen><\/iframe>\n<\/div><\/figure>\n","protected":false},"excerpt":{"rendered":"<p>Guillermo del Toro\u2019s Pinocchio, 2022 Netflix Esta obra maestra de la animaci\u00f3n, dirigida por el mexicano Guillermo del Toro, es una reinterpretaci\u00f3n del texto del italiano Carlo Collodi. La nueva &hellip; <a href=\"https:\/\/lavereda.com.mx\/index.php\/2022\/12\/16\/pinocho-2\/\" class=\"more-link\">Leer m\u00e1s<\/a><\/p>\n","protected":false},"author":3,"featured_media":4558,"comment_status":"open","ping_status":"open","sticky":false,"template":"","format":"standard","meta":{"footnotes":""},"categories":[6,18],"tags":[19,40],"class_list":["post-4557","post","type-post","status-publish","format-standard","has-post-thumbnail","hentry","category-cinetv","category-lomasrelevante","tag-19","tag-cine","entry"],"_links":{"self":[{"href":"https:\/\/lavereda.com.mx\/index.php\/wp-json\/wp\/v2\/posts\/4557","targetHints":{"allow":["GET"]}}],"collection":[{"href":"https:\/\/lavereda.com.mx\/index.php\/wp-json\/wp\/v2\/posts"}],"about":[{"href":"https:\/\/lavereda.com.mx\/index.php\/wp-json\/wp\/v2\/types\/post"}],"author":[{"embeddable":true,"href":"https:\/\/lavereda.com.mx\/index.php\/wp-json\/wp\/v2\/users\/3"}],"replies":[{"embeddable":true,"href":"https:\/\/lavereda.com.mx\/index.php\/wp-json\/wp\/v2\/comments?post=4557"}],"version-history":[{"count":1,"href":"https:\/\/lavereda.com.mx\/index.php\/wp-json\/wp\/v2\/posts\/4557\/revisions"}],"predecessor-version":[{"id":4559,"href":"https:\/\/lavereda.com.mx\/index.php\/wp-json\/wp\/v2\/posts\/4557\/revisions\/4559"}],"wp:featuredmedia":[{"embeddable":true,"href":"https:\/\/lavereda.com.mx\/index.php\/wp-json\/wp\/v2\/media\/4558"}],"wp:attachment":[{"href":"https:\/\/lavereda.com.mx\/index.php\/wp-json\/wp\/v2\/media?parent=4557"}],"wp:term":[{"taxonomy":"category","embeddable":true,"href":"https:\/\/lavereda.com.mx\/index.php\/wp-json\/wp\/v2\/categories?post=4557"},{"taxonomy":"post_tag","embeddable":true,"href":"https:\/\/lavereda.com.mx\/index.php\/wp-json\/wp\/v2\/tags?post=4557"}],"curies":[{"name":"wp","href":"https:\/\/api.w.org\/{rel}","templated":true}]}}