{"id":4549,"date":"2022-12-16T04:22:46","date_gmt":"2022-12-16T04:22:46","guid":{"rendered":"http:\/\/lavereda.com.mx\/?p=4549"},"modified":"2022-12-16T04:23:25","modified_gmt":"2022-12-16T04:23:25","slug":"a-la-hora-del-cafe-8","status":"publish","type":"post","link":"https:\/\/lavereda.com.mx\/index.php\/2022\/12\/16\/a-la-hora-del-cafe-8\/","title":{"rendered":"A la hora del cafe"},"content":{"rendered":"\n<h1 class=\"wp-block-heading\">Cuando el d\u00eda pudiera no ser tan malo<\/h1>\n\n\n\n<p>La carretera a las 6:00 de la ma\u00f1ana me produce una soledad acogedora. Cuando a\u00fan no amanece, ya casi es invierno. El fr\u00edo amenaza un poco, pero el aire fresco suaviza el \u00e1nimo, las luces, que no son pocas en una ciudad cuya vida escolar y econ\u00f3mica empieza al amanecer, lanzan una se\u00f1al: el d\u00eda pudiera no ser tan malo.<\/p>\n\n\n\n<p>Me siento incauta, indefensa a esa hora en que los ojos se nos ven diminutos o hinchados, hay vasos y termos con humo de caf\u00e9 que se asoman por las ventanillas de los autom\u00f3viles. Las gasolineras abiertas, incluso con fila de tres o cuatro coches, te muestran que, no obstante que te sientes heroica por circular a esa hora, pudiste haber salido m\u00e1s temprano de casa.<\/p>\n\n\n\n<p>Siempre hay alguien que camina o corre por alguna de las calles en las que transitas a esa hora, donde probablemente estudiantes, docentes y empleados de tiendas de autoservicio, son los \u00fanicos que ya est\u00e1n listos para empezar una jornada de trabajo que, seg\u00fan sea el caso, se pudiera extender m\u00e1s horas de lo humanamente digno. Porque \u00bfqui\u00e9n trabaja solamente ocho horas en este pa\u00eds?<\/p>\n\n\n\n<p>La madrugada que se convierte en d\u00eda, huele a tranquilidad. Para quien decidi\u00f3 ser una persona productiva pero atada a horarios, a instrucciones, a correos, mensajes de WhatsApp por responder, es quiz\u00e1s la hora m\u00e1s pac\u00edfica. Las estaciones de radio transmiten programas de contenido econ\u00f3mico, parece a prop\u00f3sito, con ganas de que pocas personas los escuchen. Algunos noticieros ya comenzaron y otros est\u00e1n por arrancar.<\/p>\n\n\n\n<blockquote class=\"wp-block-quote is-layout-flow wp-block-quote-is-layout-flow\"><p>Es una hora poco contaminada de: mal humor, bajones emocionales, preguntas laborales inc\u00f3modas, hay poco tr\u00e1fico y normalmente, la gente saluda de buen \u00e1nimo. Algunos gimnasios est\u00e1n abiertos y ya se escucha a lo lejos la voz de los entrenadores tratando de motivar a los que madrugan para ejercitarse.<\/p><\/blockquote>\n\n\n\n<p>Es cierto que hay quienes desde m\u00e1s temprano ya salvaron vidas en hospitales, quienes abrieron un turno de f\u00e1brica desde las 4 am, quienes pusieron punto final a una edici\u00f3n de peri\u00f3dico o quien abri\u00f3 la jornada de una televisora o radio difusora. Tambi\u00e9n hay choferes que viajan de noche y de madrugada, jornaleros que van en bicicleta a sus destinos, con poca iluminaci\u00f3n y escasa seguridad en el tr\u00e1nsito.<\/p>\n\n\n\n<p>La madrugada, entre el alba y el amanecer, puede ser desgastante, pero tambi\u00e9n puede ser un tiempo perfecto para poder soportar despu\u00e9s lo abrumador de cada d\u00eda: el ruido, la prisa, el tr\u00e1fico y lo urgente. Despu\u00e9s de todo, siempre habr\u00e1 caf\u00e9 para cada alma somnolienta.<\/p>\n\n\n\n<p><em>Twitter: @Lavargasadri.<\/em><\/p>\n","protected":false},"excerpt":{"rendered":"<p>Cuando el d\u00eda pudiera no ser tan malo La carretera a las 6:00 de la ma\u00f1ana me produce una soledad acogedora. Cuando a\u00fan no amanece, ya casi es invierno. El &hellip; <a href=\"https:\/\/lavereda.com.mx\/index.php\/2022\/12\/16\/a-la-hora-del-cafe-8\/\" class=\"more-link\">Leer m\u00e1s<\/a><\/p>\n","protected":false},"author":9,"featured_media":4550,"comment_status":"open","ping_status":"open","sticky":false,"template":"","format":"standard","meta":{"footnotes":""},"categories":[18,9],"tags":[],"class_list":["post-4549","post","type-post","status-publish","format-standard","has-post-thumbnail","hentry","category-lomasrelevante","category-opinion","entry"],"_links":{"self":[{"href":"https:\/\/lavereda.com.mx\/index.php\/wp-json\/wp\/v2\/posts\/4549","targetHints":{"allow":["GET"]}}],"collection":[{"href":"https:\/\/lavereda.com.mx\/index.php\/wp-json\/wp\/v2\/posts"}],"about":[{"href":"https:\/\/lavereda.com.mx\/index.php\/wp-json\/wp\/v2\/types\/post"}],"author":[{"embeddable":true,"href":"https:\/\/lavereda.com.mx\/index.php\/wp-json\/wp\/v2\/users\/9"}],"replies":[{"embeddable":true,"href":"https:\/\/lavereda.com.mx\/index.php\/wp-json\/wp\/v2\/comments?post=4549"}],"version-history":[{"count":2,"href":"https:\/\/lavereda.com.mx\/index.php\/wp-json\/wp\/v2\/posts\/4549\/revisions"}],"predecessor-version":[{"id":4552,"href":"https:\/\/lavereda.com.mx\/index.php\/wp-json\/wp\/v2\/posts\/4549\/revisions\/4552"}],"wp:featuredmedia":[{"embeddable":true,"href":"https:\/\/lavereda.com.mx\/index.php\/wp-json\/wp\/v2\/media\/4550"}],"wp:attachment":[{"href":"https:\/\/lavereda.com.mx\/index.php\/wp-json\/wp\/v2\/media?parent=4549"}],"wp:term":[{"taxonomy":"category","embeddable":true,"href":"https:\/\/lavereda.com.mx\/index.php\/wp-json\/wp\/v2\/categories?post=4549"},{"taxonomy":"post_tag","embeddable":true,"href":"https:\/\/lavereda.com.mx\/index.php\/wp-json\/wp\/v2\/tags?post=4549"}],"curies":[{"name":"wp","href":"https:\/\/api.w.org\/{rel}","templated":true}]}}