{"id":4546,"date":"2022-12-15T23:34:01","date_gmt":"2022-12-15T23:34:01","guid":{"rendered":"http:\/\/lavereda.com.mx\/?p=4546"},"modified":"2022-12-15T23:34:02","modified_gmt":"2022-12-15T23:34:02","slug":"ya-esta-lista-la-muestra-de-cine-coahuila-2022","status":"publish","type":"post","link":"https:\/\/lavereda.com.mx\/index.php\/2022\/12\/15\/ya-esta-lista-la-muestra-de-cine-coahuila-2022\/","title":{"rendered":"Ya est\u00e1 lista la Muestra de Cine Coahuila 2022"},"content":{"rendered":"\n<p>La Muestra de Cine Coahuila 2022, invita a la comunidad cin\u00e9fila, p\u00fablico en general y creadores a presenciar su cuarta edici\u00f3n, que se realizar\u00e1 los d\u00edas 16 y 17 de diciembre, en Torre\u00f3n. Las sedes oficiales son Cin\u00e9polis Cuatro Caminos, Escuela de Artes, Unidad Torre\u00f3n de la UAdeC, el Auditorio del Museo Regional de la Laguna y diferentes locaciones de la ciudad.&nbsp;<\/p>\n\n\n\n<p>La selecci\u00f3n oficial de \u201cCine hecho por coahuilenses 2022\u201d, se encuentra conformada por diez trabajos: \u201cLas cosas que pensaba antes de morir\u201d de Ofelia de Jes\u00fas, \u201cHablemos sobre Katy\u201d de \u00c1ngel Vald\u00e9z, \u201cEl pozo\u201d de Robert Casta\u00f1eda, \u201cInterferencia\u201d de Kevin de Le\u00f3n, \u201cEl Gallo\u201d de Ian Elizalde, \u201cDecepcionante muerte\u201d de Julio Alexis Maga\u00f1a Cisneros, \u201cLa melod\u00eda torrencial\u201d de Jos\u00e9 Luis Saturno, \u201c\u00bfY si un d\u00eda ya no estoy?\u201d de Roberto Adrian Carlos Caballero, \u201cTribu\u201d de Jes\u00fas S. Garza Hern\u00e1ndez, \u201cSaberes del desierto\u201d de Reginaldo Chapa Romero. &nbsp;<\/p>\n\n\n\n<p>Estos trabajos se podr\u00e1n apreciar el 16 de diciembre a partir de las 11:00 horas, en Cin\u00e9polis Cuatro Caminos.<\/p>\n\n\n\n<p>En colaboraci\u00f3n con el Instituto Municipal de Cultura y Educaci\u00f3n, IMCE y la Direcci\u00f3n de Turismo de Torre\u00f3n, se realizar\u00e1 el concurso \u201cCine en un minuto\u201d, buscando apoyar a nuevos talentos, fomentando la creatividad, visibilizando lugares emblem\u00e1ticos de la ciudad, su cultura y gastronom\u00eda, con el tema: \u201c\u00bfQu\u00e9 te enamora de Torre\u00f3n?\u201d; se otorgar\u00e1n diferentes premios a los primeros lugares. <\/p>\n\n\n\n<p>Este a\u00f1o la imagen oficial es un homenaje p\u00f3stumo a Carmen Salinas (1933-2021), originaria de Torre\u00f3n, Coahuila, fue una actriz, imitadora, comediante, pol\u00edtica, empresaria teatral, que particip\u00f3 en m\u00e1s de cien pel\u00edculas. En conmemoraci\u00f3n de su primer aniversario luctuoso y su legado en cine, teatro y televisi\u00f3n, habr\u00e1 una funci\u00f3n especial de su pel\u00edcula \u201cDanz\u00f3n\u201d de Mar\u00eda Novarro.<\/p>\n\n\n\n<p>Dentro de las actividades, se encuentra la clase magistral \u201cEscenas de acci\u00f3n seguras para cine\u00bb, impartida por Emilio Galv\u00e1n, actor lagunero y el conversatorio virtual con el actor, Francisco Rubio, ambos trabajaron en la pel\u00edcula \u201cBardo, falsa cr\u00f3nica de unas cuantas verdades\u201d de Alejandro Gonz\u00e1lez I\u00f1\u00e1rritu. Tambi\u00e9n de manera virtual, el conversatorio \u00abProducci\u00f3n cinematogr\u00e1fica\u00bb con Paola Tello, cineasta egresada del Centro de Capacitaci\u00f3n Cinematogr\u00e1fica, CCC. La retrospectiva ser\u00e1 con la pel\u00edcula \u201cMatin\u00e9e\u201d de Jaime Humberto Hermosillo, donde participaron H\u00e9ctor Bonilla y Manuel Ojeda, recordando su memoria f\u00edlmica, funci\u00f3n con el apoyo del Instituto Mexicano de Cinematograf\u00eda, IMCINE.&nbsp;<\/p>\n\n\n\n<p>Se estrenar\u00e1 \u201cNachutaga\u201d (Compartir todo) de Eduardo Trevi\u00f1o, cortometraje documental que habla de la comunidad rar\u00e1muri en Torre\u00f3n, Coahuila, realizado con est\u00edmulo del Sistema de Apoyos a la Creaci\u00f3n y Proyectos Culturales, SACPC, 2021. La artista lagunera, Samantha Favela, elabor\u00f3 dos estatuillas con el t\u00edtulo \u201cEsbozo\u201d, que ser\u00e1n entregadas a los trabajos de \u201cCine hecho por coahuilenses 2022\u201d, que tengan una menci\u00f3n especial por su calidad t\u00e9cnica y art\u00edstica.&nbsp;<\/p>\n\n\n\n<p>El comit\u00e9 organizador de la cuarta edici\u00f3n, est\u00e1 conformado por: Eduardo Trevi\u00f1o (Actor y director de la Muestra de Cine Coahuila), Sergio Esquer (Coordinador), Brayan Simental (Dise\u00f1o de imagen), Lorena Mart\u00ednez Sifuentes (Dise\u00f1o y marketing), y el equipo de voluntariado. Dentro del equipo de selecci\u00f3n oficial se encuentra como invitado, Rafael Mart\u00ednez-Garc\u00eda (Guionista, realizador y promotor cinematogr\u00e1fico, egresado del Centro de Capacitaci\u00f3n Cinematogr\u00e1fica, CCC). Todos los eventos son gratuitos, la programaci\u00f3n puede estar sujeta a cambios. Consulta la programaci\u00f3n en mcinecoahuila.mx y en las redes sociales @mcinecoahuila.<\/p>\n","protected":false},"excerpt":{"rendered":"<p>La Muestra de Cine Coahuila 2022, invita a la comunidad cin\u00e9fila, p\u00fablico en general y creadores a presenciar su cuarta edici\u00f3n, que se realizar\u00e1 los d\u00edas 16 y 17 de &hellip; <a href=\"https:\/\/lavereda.com.mx\/index.php\/2022\/12\/15\/ya-esta-lista-la-muestra-de-cine-coahuila-2022\/\" class=\"more-link\">Leer m\u00e1s<\/a><\/p>\n","protected":false},"author":1,"featured_media":4547,"comment_status":"open","ping_status":"open","sticky":false,"template":"","format":"standard","meta":{"footnotes":""},"categories":[6,18],"tags":[19,40,30],"class_list":["post-4546","post","type-post","status-publish","format-standard","has-post-thumbnail","hentry","category-cinetv","category-lomasrelevante","tag-19","tag-cine","tag-torreon","entry"],"_links":{"self":[{"href":"https:\/\/lavereda.com.mx\/index.php\/wp-json\/wp\/v2\/posts\/4546","targetHints":{"allow":["GET"]}}],"collection":[{"href":"https:\/\/lavereda.com.mx\/index.php\/wp-json\/wp\/v2\/posts"}],"about":[{"href":"https:\/\/lavereda.com.mx\/index.php\/wp-json\/wp\/v2\/types\/post"}],"author":[{"embeddable":true,"href":"https:\/\/lavereda.com.mx\/index.php\/wp-json\/wp\/v2\/users\/1"}],"replies":[{"embeddable":true,"href":"https:\/\/lavereda.com.mx\/index.php\/wp-json\/wp\/v2\/comments?post=4546"}],"version-history":[{"count":1,"href":"https:\/\/lavereda.com.mx\/index.php\/wp-json\/wp\/v2\/posts\/4546\/revisions"}],"predecessor-version":[{"id":4548,"href":"https:\/\/lavereda.com.mx\/index.php\/wp-json\/wp\/v2\/posts\/4546\/revisions\/4548"}],"wp:featuredmedia":[{"embeddable":true,"href":"https:\/\/lavereda.com.mx\/index.php\/wp-json\/wp\/v2\/media\/4547"}],"wp:attachment":[{"href":"https:\/\/lavereda.com.mx\/index.php\/wp-json\/wp\/v2\/media?parent=4546"}],"wp:term":[{"taxonomy":"category","embeddable":true,"href":"https:\/\/lavereda.com.mx\/index.php\/wp-json\/wp\/v2\/categories?post=4546"},{"taxonomy":"post_tag","embeddable":true,"href":"https:\/\/lavereda.com.mx\/index.php\/wp-json\/wp\/v2\/tags?post=4546"}],"curies":[{"name":"wp","href":"https:\/\/api.w.org\/{rel}","templated":true}]}}