{"id":4543,"date":"2022-12-14T03:29:46","date_gmt":"2022-12-14T03:29:46","guid":{"rendered":"http:\/\/lavereda.com.mx\/?p=4543"},"modified":"2022-12-14T03:29:47","modified_gmt":"2022-12-14T03:29:47","slug":"organizan-primer-festival-como-la-laguna-ninguna","status":"publish","type":"post","link":"https:\/\/lavereda.com.mx\/index.php\/2022\/12\/14\/organizan-primer-festival-como-la-laguna-ninguna\/","title":{"rendered":"Organizan primer Festival \u00abComo La Laguna Ninguna\u00bb"},"content":{"rendered":"\n<p>Como parte del esfuerzo coordinado de los gobiernos de Coahuila y Durango para resaltar la identidad de la regi\u00f3n, del 16 al 23 de diciembre se llevar\u00e1 a cabo la primera edici\u00f3n del Festival \u201cComo La Laguna Ninguna\u201d.<\/p>\n\n\n\n<p>Ana Sof\u00eda Garc\u00eda Camil, Secretaria de Cultura del Estado de Coahuila, destac\u00f3 en una rueda de prensa en esta ciudad, que este espacio en el que identifica la identidad como Comarca Lagunera de ambos estados, contar\u00e1 con 24 actividades que ser\u00e1n divididas en los municipios de Torre\u00f3n, San Pedro de las Colonias y Matamoros (en Coahuila), y en G\u00f3mez Palacio, Lerdo y Tlahualilo, (por el Estado de Durango).<\/p>\n\n\n\n<p>\u201cEste es el inicio de un proyecto importante que queremos construir junto con Durango, ya que adem\u00e1s de ser vecinos, compartimos muchos rasgos en cuanto a historia e identidad y es importante fortalecer nuestra amistad y el intercambio cultural, gastron\u00f3mico y tur\u00edstico\u201d, detall\u00f3.<\/p>\n\n\n\n<p>Adelant\u00f3 que adem\u00e1s de este Festival, para el pr\u00f3ximo a\u00f1o tambi\u00e9n se tienen importantes proyectos conjuntos, como la Feria Internacional del Libro Coahuila (FILC) 2023, donde el Estado Invitado ser\u00e1 Durango.<\/p>\n\n\n\n<p>\u201cPara nosotros fue importante aceptar esta invitaci\u00f3n de colaborar con nuestros vecinos, y adem\u00e1s conmemorar el aniversario de G\u00f3mez Palacio\u201d.<\/p>\n\n\n\n<p>Por su parte, Francisco P\u00e9rez Mata, Director General del Instituto de Cultura de Durango (ICED), afirm\u00f3 que en este nuevo proyecto de gobierno que arranca en ese estado, contempl\u00f3 desde un inicio reforzar lazos con su estado vecino, y qu\u00e9 mejor manera de iniciar, que con eventos que involucren a la ciudadan\u00eda.<\/p>\n\n\n\n<p>\u201cQueremos que sea parte del orgullo de los laguneros y que el Padre Nazas, en lugar de dividirnos, nos una y nos siga haciendo una regi\u00f3n importante en el norte del Pa\u00eds. Agradecemos al Gobierno de Coahuila que se haya sumado con la intenci\u00f3n de hacer un precedente y que el Festival se consolide en los a\u00f1os por venir\u201d, reafirm\u00f3.<\/p>\n\n\n\n<blockquote class=\"wp-block-quote is-layout-flow wp-block-quote-is-layout-flow\"><p>\u201cEs un Festival enteramente popular, con la intenci\u00f3n de que La Laguna pueda, con el paso de los a\u00f1os, convertirse en un referente como Monterrey lo es en \u2018Pal Norte\u2019, o en la CDMX es un \u2018Vive Latino\u2019; ojal\u00e1 en los pr\u00f3ximos a\u00f1os esta iniciativa popular pueda convertirse en ese referente norte\u00f1o para que la gente tambi\u00e9n nos visite, reviva el turismo y convoque a las familias de ambos lados del r\u00edo\u201d, dijo.<\/p><\/blockquote>\n\n\n\n<p><strong>La cartelera de \u201cComo la Laguna Ninguna\u201d, en Coahuila es la siguiente:<\/strong><\/p>\n\n\n\n<p>+ 17 de diciembre: Maika, teatro de t\u00edteres, con \u201cEl pr\u00edncipe feliz\u201d, a las 18:00 horas, en el Puerto Noas.<\/p>\n\n\n\n<p>+ 18 de diciembre: Maika, teatro de t\u00edteres, en la techumbre de la Colonia Camilo Torres, ubicada en avenido Genaro V\u00e1zquez, entre Tierra y Libertad y Rub\u00e9n Jaramillo, a las 18:00 horas.<\/p>\n\n\n\n<p>+ 18 de diciembre: Grupo \u201cLos Palos\u201d, en la Plaza Principal de San Pedro de las Colonias, en punto de las 19:00 horas.<\/p>\n\n\n\n<p>+ 20 de diciembre: Grupo \u201cLos Palos\u201d, Plaza Principal del Ejido El Coyote, 19:00 horas.<\/p>\n\n\n\n<p>+ 23 de diciembre: gran cierre del Festival con el concierto de Juli\u00f3n \u00c1lvarez y su Norte\u00f1o Banda, lecho seco del R\u00edo Nazas.<\/p>\n\n\n\n<p>DURANGO<\/p>\n\n\n\n<p><strong>La cartelera de \u201cComo la Laguna Ninguna\u201d, en Durango:<\/strong><\/p>\n\n\n\n<p>+ 16 de diciembre: Camerata de Coahuila, en G\u00f3mez Palacio, con el concierto: \u201cTchaikovsky con Las Estaciones, Op.37\u201d, y selecciones de \u201cEl Cascanueces\u201d, y cierre con villancicos, en el Teatro \u201cAlberto M. Alvarado\u201d, a las 19:30 horas.<\/p>\n\n\n\n<p>+ 16 de diciembre: Mariachi Gama Mil, Paseo Sarabia en Lerdo, 19:00 horas.<\/p>\n\n\n\n<p>+ 16 de diciembre: Los Sumbaos, Cuauht\u00e9moc y Ocampo, Colonia Santa Rosa, G\u00f3mez Palacio, 19:00 horas.<\/p>\n\n\n\n<p>+ 16 de diciembre: Presentaci\u00f3n del cat\u00e1logo \u201cSangre Nueva\u201d, Sala \u201cRodolfo Escalera\u201d, Casa de la Cultura de G\u00f3mez Palacio, 13:00 horas.<\/p>\n\n\n\n<p>+ 17 de diciembre: VILAX, Paseo Sarabia, en Lerdo, 19:00 horas.<\/p>\n\n\n\n<p>+ 18 de diciembre: Homenaje a Lorenzo de Monteclaro, explanada de la Presidencia Municipal de G\u00f3mez Palacio, 19:30 horas.<\/p>\n\n\n\n<p>+ 18 de diciembre: Obra \u2018\u201cGorda \u00bfYo?\u201d, de Lupita Sandoval, Teatro \u201cAlberto M. Alvarado\u201d, 19:00 horas.<\/p>\n\n\n\n<p>+ 18 de diciembre: Tuna Universitaria de La Laguna, en una callejoneada por el Centro Hist\u00f3rico de Lerdo, misma que dar\u00e1 inicio en Parque Victoria a las 18:00 horas.<\/p>\n\n\n\n<p>+ 18 de diciembre: Valerio Gayt\u00e1n en concierto, Plazuela Benito Ju\u00e1rez, Lerdo, 19:00 horas.<\/p>\n\n\n\n<p>+ 19 de diciembre: \u201c\u00a1Que viva la cumbia lagunera!\u201d, con la presentaci\u00f3n de Chicos de Barrio y Los Sumbaos, Puerto Sarabia en Lerdo.<\/p>\n\n\n\n<p>+ 19 de diciembre: Flashmob en La Laguna, Centro Comercial Paseo G\u00f3mez Palacio, 18:00 horas.<\/p>\n\n\n\n<p>+ 19 de diciembre: Laguna Drumfest 2022, con Daniel Ponce San Mart\u00edn (Sin Bandera) y Natalia Riazzanova Jazz Ensamble. Teatro \u201cDolores del R\u00edo\u201d, de Casa de la Cultura G\u00f3mez Palacio, 19:00 horas.<\/p>\n\n\n\n<p>+ 19 de diciembre: Ra\u00fal J\u00e1quez y Er\u00f3n Vargas, con el espect\u00e1culo infantil \u201cCowboys y Dinosaurios\u201d, a las 18:00 horas, en Tlahualilo, Durango.<\/p>\n\n\n\n<p>+ 20 de diciembre: Los Rieleros del Norte, en Gregorio Garc\u00eda, Municipio de G\u00f3mez Palacio.<\/p>\n\n\n\n<p>+ 20 de diciembre: Caballeros del Plan G y La Cruda Realidad, Plaza de Armas de G\u00f3mez Palacio, 19:00 horas.<\/p>\n\n\n\n<p>+ 21 de diciembre: Yuri en concierto, explanada del Museo Acertijo, G\u00f3mez Palacio.<\/p>\n\n\n\n<p>+ 22 de diciembre: La Firma, explanada de la Presidencia de G\u00f3mez Palacio.<\/p>\n\n\n\n<p>+ 23 de diciembre: gran cierre del Festival con el concierto de Juli\u00f3n \u00c1lvarez y su Norte\u00f1o Banda, lecho seco del R\u00edo Nazas.<\/p>\n","protected":false},"excerpt":{"rendered":"<p>Como parte del esfuerzo coordinado de los gobiernos de Coahuila y Durango para resaltar la identidad de la regi\u00f3n, del 16 al 23 de diciembre se llevar\u00e1 a cabo la &hellip; <a href=\"https:\/\/lavereda.com.mx\/index.php\/2022\/12\/14\/organizan-primer-festival-como-la-laguna-ninguna\/\" class=\"more-link\">Leer m\u00e1s<\/a><\/p>\n","protected":false},"author":1,"featured_media":4544,"comment_status":"open","ping_status":"open","sticky":false,"template":"","format":"standard","meta":{"footnotes":""},"categories":[2,7],"tags":[19,60,36],"class_list":["post-4543","post","type-post","status-publish","format-standard","has-post-thumbnail","hentry","category-artes-escenicas","category-entretenimiento","tag-19","tag-musica-2","tag-teatro","entry"],"_links":{"self":[{"href":"https:\/\/lavereda.com.mx\/index.php\/wp-json\/wp\/v2\/posts\/4543","targetHints":{"allow":["GET"]}}],"collection":[{"href":"https:\/\/lavereda.com.mx\/index.php\/wp-json\/wp\/v2\/posts"}],"about":[{"href":"https:\/\/lavereda.com.mx\/index.php\/wp-json\/wp\/v2\/types\/post"}],"author":[{"embeddable":true,"href":"https:\/\/lavereda.com.mx\/index.php\/wp-json\/wp\/v2\/users\/1"}],"replies":[{"embeddable":true,"href":"https:\/\/lavereda.com.mx\/index.php\/wp-json\/wp\/v2\/comments?post=4543"}],"version-history":[{"count":1,"href":"https:\/\/lavereda.com.mx\/index.php\/wp-json\/wp\/v2\/posts\/4543\/revisions"}],"predecessor-version":[{"id":4545,"href":"https:\/\/lavereda.com.mx\/index.php\/wp-json\/wp\/v2\/posts\/4543\/revisions\/4545"}],"wp:featuredmedia":[{"embeddable":true,"href":"https:\/\/lavereda.com.mx\/index.php\/wp-json\/wp\/v2\/media\/4544"}],"wp:attachment":[{"href":"https:\/\/lavereda.com.mx\/index.php\/wp-json\/wp\/v2\/media?parent=4543"}],"wp:term":[{"taxonomy":"category","embeddable":true,"href":"https:\/\/lavereda.com.mx\/index.php\/wp-json\/wp\/v2\/categories?post=4543"},{"taxonomy":"post_tag","embeddable":true,"href":"https:\/\/lavereda.com.mx\/index.php\/wp-json\/wp\/v2\/tags?post=4543"}],"curies":[{"name":"wp","href":"https:\/\/api.w.org\/{rel}","templated":true}]}}