{"id":4520,"date":"2022-12-08T15:16:45","date_gmt":"2022-12-08T15:16:45","guid":{"rendered":"http:\/\/lavereda.com.mx\/?p=4520"},"modified":"2022-12-08T15:17:28","modified_gmt":"2022-12-08T15:17:28","slug":"no-te-pierdas-la-noche-acustica-hoy-con-cadereira","status":"publish","type":"post","link":"https:\/\/lavereda.com.mx\/index.php\/2022\/12\/08\/no-te-pierdas-la-noche-acustica-hoy-con-cadereira\/","title":{"rendered":"No te pierdas la noche ac\u00fastica hoy con Cadereira"},"content":{"rendered":"\n<p>Lo mejor del repertorio de esta banda lagunera, se podr\u00e1 disfrutar esta noche de jueves con su \u00abAc\u00fastico\u00bb en Greta Restaurante, a partir de las 21:00 horas. (Av. Matamoros 78 Oriente).<\/p>\n\n\n\n<p>Las y los fans de Cerederia podr\u00e1n disfrutar de su m\u00fasica en un ambiente diferente: \u00edntimo y relajado con la voz y guitarras de Marcelo Gamboa y Ra\u00fal J\u00e1quez.<\/p>\n\n\n\n<p>La banda de cumbia electr\u00f3nica  con letras originales  se ha popularizado por canciones como \u00abG\u00fcerita cumbianchera\u00bb, \u00abYoga Pants\u00bb, \u00abChica HEB\u00bb, \u00abBocadito\u00bb, \u00abA volar\u00bb entre muchas otras. <\/p>\n\n\n\n<p>Puedes escuchar su m\u00fasica en todas las plataformas.<\/p>\n\n\n\n<p>La entrada al Ac\u00fastico es de $100.<\/p>\n\n\n\n<p>\u00a1No te lo pierdas!<\/p>\n","protected":false},"excerpt":{"rendered":"<p>Lo mejor del repertorio de esta banda lagunera, se podr\u00e1 disfrutar esta noche de jueves con su \u00abAc\u00fastico\u00bb en Greta Restaurante, a partir de las 21:00 horas. (Av. Matamoros 78 &hellip; <a href=\"https:\/\/lavereda.com.mx\/index.php\/2022\/12\/08\/no-te-pierdas-la-noche-acustica-hoy-con-cadereira\/\" class=\"more-link\">Leer m\u00e1s<\/a><\/p>\n","protected":false},"author":1,"featured_media":4521,"comment_status":"open","ping_status":"open","sticky":false,"template":"","format":"standard","meta":{"footnotes":""},"categories":[18,4],"tags":[],"class_list":["post-4520","post","type-post","status-publish","format-standard","has-post-thumbnail","hentry","category-lomasrelevante","category-musica","entry"],"_links":{"self":[{"href":"https:\/\/lavereda.com.mx\/index.php\/wp-json\/wp\/v2\/posts\/4520","targetHints":{"allow":["GET"]}}],"collection":[{"href":"https:\/\/lavereda.com.mx\/index.php\/wp-json\/wp\/v2\/posts"}],"about":[{"href":"https:\/\/lavereda.com.mx\/index.php\/wp-json\/wp\/v2\/types\/post"}],"author":[{"embeddable":true,"href":"https:\/\/lavereda.com.mx\/index.php\/wp-json\/wp\/v2\/users\/1"}],"replies":[{"embeddable":true,"href":"https:\/\/lavereda.com.mx\/index.php\/wp-json\/wp\/v2\/comments?post=4520"}],"version-history":[{"count":2,"href":"https:\/\/lavereda.com.mx\/index.php\/wp-json\/wp\/v2\/posts\/4520\/revisions"}],"predecessor-version":[{"id":4523,"href":"https:\/\/lavereda.com.mx\/index.php\/wp-json\/wp\/v2\/posts\/4520\/revisions\/4523"}],"wp:featuredmedia":[{"embeddable":true,"href":"https:\/\/lavereda.com.mx\/index.php\/wp-json\/wp\/v2\/media\/4521"}],"wp:attachment":[{"href":"https:\/\/lavereda.com.mx\/index.php\/wp-json\/wp\/v2\/media?parent=4520"}],"wp:term":[{"taxonomy":"category","embeddable":true,"href":"https:\/\/lavereda.com.mx\/index.php\/wp-json\/wp\/v2\/categories?post=4520"},{"taxonomy":"post_tag","embeddable":true,"href":"https:\/\/lavereda.com.mx\/index.php\/wp-json\/wp\/v2\/tags?post=4520"}],"curies":[{"name":"wp","href":"https:\/\/api.w.org\/{rel}","templated":true}]}}