{"id":4506,"date":"2022-12-07T00:52:47","date_gmt":"2022-12-07T00:52:47","guid":{"rendered":"http:\/\/lavereda.com.mx\/?p=4506"},"modified":"2022-12-07T20:54:40","modified_gmt":"2022-12-07T20:54:40","slug":"esperanzas-de-la-artista-mary-carmen-valenzuela-sera-presentada-en-la-alianza-francesa","status":"publish","type":"post","link":"https:\/\/lavereda.com.mx\/index.php\/2022\/12\/07\/esperanzas-de-la-artista-mary-carmen-valenzuela-sera-presentada-en-la-alianza-francesa\/","title":{"rendered":"\u00abEsperanza\u00bb de la artista Mary Carmen Valenzuela ser\u00e1 presentada en la Alianza Francesa"},"content":{"rendered":"\n<p>Este 8 de Diciembre a las 19:00 horas se presentar\u00e1 la exposici\u00f3n art\u00edstica de Mary Carmen Valenzuela titulada <em>Esperanza<\/em> en la galer\u00eda de la Alianza Francesa de Torre\u00f3n (Av. Matamoros 170 ote.)<\/p>\n\n\n\n<p>La entrada es para todo p\u00fablico.<\/p>\n\n\n\n<p>Arquitecta de profesi\u00f3n, Mary Carmen Valenzuela inicia su recorrido en las artes visuales durante su \u00e9poca como estudiante, en donde toma cursos de figura humana, dibujo etc., con destacados artistas regionales como Gustavo Montes.<\/p>\n\n\n\n<p>Su obra refleja la pasi\u00f3n que siente por todo lo urbano, ya que para ella cada espacio guarda una historia, pues encierra en s\u00ed mismo todos los recuerdos de lo vivido en ese lugar en alg\u00fan momento.<\/p>\n\n\n\n<p>En <em>Esperanza<\/em>, Mary Carmen busca plasmar esas vivencias propias y \u00fanicas, trasladarlas de la memoria al lienzo y darles un car\u00e1cter personal: su propia visi\u00f3n, su propia interpretaci\u00f3n.<\/p>\n\n\n\n<p><\/p>\n","protected":false},"excerpt":{"rendered":"<p>Este 8 de Diciembre a las 19:00 horas se presentar\u00e1 la exposici\u00f3n art\u00edstica de Mary Carmen Valenzuela titulada Esperanza en la galer\u00eda de la Alianza Francesa de Torre\u00f3n (Av. Matamoros &hellip; <a href=\"https:\/\/lavereda.com.mx\/index.php\/2022\/12\/07\/esperanzas-de-la-artista-mary-carmen-valenzuela-sera-presentada-en-la-alianza-francesa\/\" class=\"more-link\">Leer m\u00e1s<\/a><\/p>\n","protected":false},"author":17,"featured_media":4507,"comment_status":"open","ping_status":"open","sticky":false,"template":"","format":"standard","meta":{"footnotes":""},"categories":[3,18],"tags":[],"class_list":["post-4506","post","type-post","status-publish","format-standard","has-post-thumbnail","hentry","category-artes-visuales","category-lomasrelevante","entry"],"_links":{"self":[{"href":"https:\/\/lavereda.com.mx\/index.php\/wp-json\/wp\/v2\/posts\/4506","targetHints":{"allow":["GET"]}}],"collection":[{"href":"https:\/\/lavereda.com.mx\/index.php\/wp-json\/wp\/v2\/posts"}],"about":[{"href":"https:\/\/lavereda.com.mx\/index.php\/wp-json\/wp\/v2\/types\/post"}],"author":[{"embeddable":true,"href":"https:\/\/lavereda.com.mx\/index.php\/wp-json\/wp\/v2\/users\/17"}],"replies":[{"embeddable":true,"href":"https:\/\/lavereda.com.mx\/index.php\/wp-json\/wp\/v2\/comments?post=4506"}],"version-history":[{"count":3,"href":"https:\/\/lavereda.com.mx\/index.php\/wp-json\/wp\/v2\/posts\/4506\/revisions"}],"predecessor-version":[{"id":4514,"href":"https:\/\/lavereda.com.mx\/index.php\/wp-json\/wp\/v2\/posts\/4506\/revisions\/4514"}],"wp:featuredmedia":[{"embeddable":true,"href":"https:\/\/lavereda.com.mx\/index.php\/wp-json\/wp\/v2\/media\/4507"}],"wp:attachment":[{"href":"https:\/\/lavereda.com.mx\/index.php\/wp-json\/wp\/v2\/media?parent=4506"}],"wp:term":[{"taxonomy":"category","embeddable":true,"href":"https:\/\/lavereda.com.mx\/index.php\/wp-json\/wp\/v2\/categories?post=4506"},{"taxonomy":"post_tag","embeddable":true,"href":"https:\/\/lavereda.com.mx\/index.php\/wp-json\/wp\/v2\/tags?post=4506"}],"curies":[{"name":"wp","href":"https:\/\/api.w.org\/{rel}","templated":true}]}}