{"id":4502,"date":"2022-12-07T00:44:33","date_gmt":"2022-12-07T00:44:33","guid":{"rendered":"http:\/\/lavereda.com.mx\/?p=4502"},"modified":"2022-12-07T20:49:51","modified_gmt":"2022-12-07T20:49:51","slug":"exposicion-de-la-artista-lila-jamieson-en-la-casa-del-cerro-y-antigua-harinera","status":"publish","type":"post","link":"https:\/\/lavereda.com.mx\/index.php\/2022\/12\/07\/exposicion-de-la-artista-lila-jamieson-en-la-casa-del-cerro-y-antigua-harinera\/","title":{"rendered":"Exposici\u00f3n de la artista Lila Jamieson llega a la Casa del Cerro"},"content":{"rendered":"\n<p>El trabajo de la artista lagunera Lila Jamieson ser\u00e1 presentado en su tierra natal en el Museo Casa del Cerro y adem\u00e1s impartir\u00e1 un taller de pintura instalatoria en el Centro Cultural Antigua Harinera. La artista visual, docente e investigadora expondr\u00e1 \u00abLa l\u00ednea que trazo es eterna\u00bb el d\u00eda jueves 8 de Diciembre a las 19:00 horas.<\/p>\n\n\n\n<p>Cabe mencionar que esta exposici\u00f3n cont\u00f3 con el trabajo de curadur\u00eda de Tal\u00eda Barredo. El acceso ser\u00e1 libre para todo el p\u00fablico.<\/p>\n\n\n\n<figure class=\"wp-block-gallery has-nested-images columns-default is-cropped wp-block-gallery-1 is-layout-flex wp-block-gallery-is-layout-flex\">\n<figure class=\"wp-block-image size-large\"><img fetchpriority=\"high\" decoding=\"async\" width=\"559\" height=\"468\" data-id=\"4503\" src=\"https:\/\/lavereda.com.mx\/wp-content\/uploads\/2022\/12\/sip.jpeg\" alt=\"\" class=\"wp-image-4503\" srcset=\"https:\/\/lavereda.com.mx\/wp-content\/uploads\/2022\/12\/sip.jpeg 559w, https:\/\/lavereda.com.mx\/wp-content\/uploads\/2022\/12\/sip-300x251.jpeg 300w\" sizes=\"(max-width: 559px) 100vw, 559px\" \/><\/figure>\n<\/figure>\n\n\n\n<p>Dentro de la muestra se apreciar\u00e1n una serie pinturas movibles que tienen la virtud de ser compactas y expandibles, de ser espacio y paisaje, ser memoria y presente. Es un proceso libre que no deja de lado las indagaciones e investigaci\u00f3n propias de la artista como es la materia, el g\u00e9nero, la naturaleza y la memoria.<\/p>\n\n\n\n<p>A trav\u00e9s de la diversidad de formatos, desde piezas min\u00fasculas de 8x8cm a obras mucho m\u00e1s grandes y complejas cargadas de una destreza t\u00e9cnica evidente, Lila Jamieson mostrar\u00e1 sus alfabetos visuales en donde el color, la l\u00ednea y los s\u00edmbolos pretenden llegar de forma profunda al intelecto y a la memoria de los espectadores.<\/p>\n\n\n\n<p>Posterior a la exposici\u00f3n, la artista impartir\u00e1 un <strong>Taller pr\u00e1ctico de pintura instalatoria<\/strong> en el Centro Cultural Antigua Harinera, ubicado tambi\u00e9n en el poniente de la ciudad, en Blvd. Revoluci\u00f3n y Privada Santos, en el sector Alianza,&nbsp; los d\u00edas viernes 9 de 15:00 a 19:00 hrs. y el s\u00e1bado 10 de diciembre, de 10:00 a 14:00 hrs.<\/p>\n\n\n\n<p>El taller va dirigido a personas interesadas en el arte contempor\u00e1neo y con nociones pict\u00f3ricas, asimismo, &nbsp;tiene como objetivo que el participante reflexione en torno a la pintura, su expansi\u00f3n y sus l\u00edmites, sobre c\u00f3mo el espectador puede comprometerse y participar de la pintura m\u00e1s all\u00e1 de su contemplaci\u00f3n, utilizando el juego, el azar y la relaci\u00f3n entre creador, espectador y obra fundamentada sobre la experiencia est\u00e9tica. Dicho taller es gratuito, tiene cupo limitado y las inscripciones est\u00e1n abiertas en la Coordinaci\u00f3n de Artes Visuales del Instituto Municipal de Cultura y Educaci\u00f3n de Torre\u00f3n, v\u00eda WhatsApp al tel\u00e9fono 871.736.40.92 o al correo <a href=\"mailto:artesvisualesimce.coordinacion@gmail.com\">artesvisualesimce.coordinacion@gmail.com<\/a><\/p>\n\n\n\n<p>Tanto la exposici\u00f3n como el taller se realizar\u00e1n gracias al trabajo en conjunto &nbsp;de Liquen Agencia de Arte y la Coordinaci\u00f3n de Artes Visuales del Instituto de Cultura y Educaci\u00f3n de Torre\u00f3n.<\/p>\n\n\n\n<p>&nbsp;Lila Jamieson es artista visual, investigadora y docente. Actualmente es doctoranda en Historia del Arte en el Colegio de Morelos, graduada de la Maestr\u00eda en Artes de la UAEM y de la Licenciatura en Artes Pl\u00e1sticas de la UAdeC. Ha presentado una decena de exposiciones individuales y m\u00e1s de cincuenta colectivas en M\u00e9xico y fuera del pa\u00eds. Ha sido reconocida con est\u00edmulos de producci\u00f3n pict\u00f3rica nacionales e internacionales. Su trabajo de investigaci\u00f3n y producci\u00f3n pict\u00f3rica ha sido publicado en diferentes revistas y galer\u00edas multimedia donde busca una reflexi\u00f3n cr\u00edtica y filos\u00f3fica sobre la representaci\u00f3n de las identidades generacionales.<\/p>\n","protected":false},"excerpt":{"rendered":"<p>El trabajo de la artista lagunera Lila Jamieson ser\u00e1 presentado en su tierra natal en el Museo Casa del Cerro y adem\u00e1s impartir\u00e1 un taller de pintura instalatoria en el &hellip; <a href=\"https:\/\/lavereda.com.mx\/index.php\/2022\/12\/07\/exposicion-de-la-artista-lila-jamieson-en-la-casa-del-cerro-y-antigua-harinera\/\" class=\"more-link\">Leer m\u00e1s<\/a><\/p>\n","protected":false},"author":17,"featured_media":4504,"comment_status":"open","ping_status":"open","sticky":false,"template":"","format":"standard","meta":{"footnotes":""},"categories":[3,18],"tags":[],"class_list":["post-4502","post","type-post","status-publish","format-standard","has-post-thumbnail","hentry","category-artes-visuales","category-lomasrelevante","entry"],"_links":{"self":[{"href":"https:\/\/lavereda.com.mx\/index.php\/wp-json\/wp\/v2\/posts\/4502","targetHints":{"allow":["GET"]}}],"collection":[{"href":"https:\/\/lavereda.com.mx\/index.php\/wp-json\/wp\/v2\/posts"}],"about":[{"href":"https:\/\/lavereda.com.mx\/index.php\/wp-json\/wp\/v2\/types\/post"}],"author":[{"embeddable":true,"href":"https:\/\/lavereda.com.mx\/index.php\/wp-json\/wp\/v2\/users\/17"}],"replies":[{"embeddable":true,"href":"https:\/\/lavereda.com.mx\/index.php\/wp-json\/wp\/v2\/comments?post=4502"}],"version-history":[{"count":2,"href":"https:\/\/lavereda.com.mx\/index.php\/wp-json\/wp\/v2\/posts\/4502\/revisions"}],"predecessor-version":[{"id":4510,"href":"https:\/\/lavereda.com.mx\/index.php\/wp-json\/wp\/v2\/posts\/4502\/revisions\/4510"}],"wp:featuredmedia":[{"embeddable":true,"href":"https:\/\/lavereda.com.mx\/index.php\/wp-json\/wp\/v2\/media\/4504"}],"wp:attachment":[{"href":"https:\/\/lavereda.com.mx\/index.php\/wp-json\/wp\/v2\/media?parent=4502"}],"wp:term":[{"taxonomy":"category","embeddable":true,"href":"https:\/\/lavereda.com.mx\/index.php\/wp-json\/wp\/v2\/categories?post=4502"},{"taxonomy":"post_tag","embeddable":true,"href":"https:\/\/lavereda.com.mx\/index.php\/wp-json\/wp\/v2\/tags?post=4502"}],"curies":[{"name":"wp","href":"https:\/\/api.w.org\/{rel}","templated":true}]}}