{"id":4487,"date":"2022-12-03T01:15:08","date_gmt":"2022-12-03T01:15:08","guid":{"rendered":"http:\/\/lavereda.com.mx\/?p=4487"},"modified":"2022-12-03T01:16:39","modified_gmt":"2022-12-03T01:16:39","slug":"entregan-el-premio-bellas-artes-de-obra-de-teatro-para-ninas-y-ninos","status":"publish","type":"post","link":"https:\/\/lavereda.com.mx\/index.php\/2022\/12\/03\/entregan-el-premio-bellas-artes-de-obra-de-teatro-para-ninas-y-ninos\/","title":{"rendered":"Entregan el Premio Bellas Artes de obra de teatro para ni\u00f1as y ni\u00f1os"},"content":{"rendered":"\n<p>La Secretar\u00eda de Cultura de Coahuila, el Patronato del Teatro \u201cIsauro Mart\u00ednez\u201d y&nbsp; el Instituto Nacional de Bellas Artes y Literatura (a trav\u00e9s de la Coordinaci\u00f3n Nacional de Literatura), entregaron este jueves 1 de diciembre el Premio Bellas Artes de Obra de Teatro para Ni\u00f1as, Ni\u00f1os y J\u00f3venes \u201cPerla Szuchmacher 2022\u201d, a un autor lagunero: Ignacio Garibaldy.<\/p>\n\n\n\n<p>La convocatoria del Premio Bellas Artes de Obra de Teatro Para Ni\u00f1as, Ni\u00f1os y J\u00f3venes \u201cPerla Szuchmacher 2022, cuyo monto es de 200 mil pesos, comenz\u00f3 la recepci\u00f3n de obras el 19 de julio del presente a\u00f1o y finaliz\u00f3 el 19 de agosto, y se recibieron un total de 45 obras participantes, de los cuales 41 fueron nacionales y 4 m\u00e1s de Argentina, Espa\u00f1a, Estados Unidos y Jap\u00f3n.&nbsp;<\/p>\n\n\n\n<p>Este a\u00f1o, el jurado estuvo compuesto por Patricia Mart\u00ednez Pedreguera, Mariana Hartas\u00e1nchez y Sara Pinet, quienes decidieron conceder el premio a Ignacio Garibaldy L\u00f3pez por su obra \u201cLa voz de la tierra roja\u201d, destacando la capacidad l\u00fadica, cr\u00edtica y reflexiva con que la obra aborda t\u00f3picos como el desarrollo de ni\u00f1as y adolescentes en una sociedad machista, los anhelos y dolores compartidos, as\u00ed como la importancia del v\u00ednculo materno para romper patrones de violencia.<\/p>\n\n\n\n<p>Ana Sof\u00eda Garc\u00eda Camil, Secretaria de Cultura de Coahuila,&nbsp; dijo: \u201cMe siento muy contenta de que un escritor originario de Torre\u00f3n sea el ganador de este entra\u00f1able premio, y sobre todo de que el jurado, que estuvo integrado por&nbsp; Patricia M. Pedreguera, Sara Pinet y Mariana Hartas\u00e1nchez, haya otorgado el galard\u00f3n al escritor cuya obra, registrada bajo el seud\u00f3nimo \u2018M\u00e1laga Link\u2019, recrea de manera inteligente y divertida, a trav\u00e9s de sus personajes \u2014todos adolescentes\u2014, un universo familiar plet\u00f3rico de particularidades y met\u00e1foras que aluden problem\u00e1ticas complejas\u201d.<\/p>\n\n\n\n<p>\u201cLos mandatos de la sociedad, los anhelos \u00edntimos, los sue\u00f1os traicionados, los dolores compartidos y la valent\u00eda para cambiar una realidad subyugante, son algunos de los temas que a trav\u00e9s de una comicidad aguda que raya en la farsa se abordan en esta pieza. Con ritmo \u00e1gil, di\u00e1logos ir\u00f3nicos, riesgo dram\u00e1tico y capacidad cr\u00edtica, la obra genera una reflexi\u00f3n en torno a las implicaciones que tiene el hecho de crecer como mujer en una sociedad machista. La presencia materna como inspiraci\u00f3n para romper patrones de violencia brinda un mensaje esperanzador y tiende un lazo generacional entra\u00f1able\u201d, se lee en el acta deliberativa.<\/p>\n\n\n\n<p>Exponer problem\u00e1ticas sociales para ayudar a la juventud a afrontarlas, es el trabajo que Ignacio Garibaldy L\u00f3pez, dramaturgo originario de Torre\u00f3n, realiza en esta propuesta, y afirma: \u201cLa voz de la tierra roja retoma el car\u00e1cter social que en alg\u00fan momento autores como Elena Garro y Jes\u00fas Gonz\u00e1lez D\u00e1vila plasmaron en sus obras, ya que al retratar temas como el machismo, el abandono paterno, la pobreza y otros tipos de violencia a los que las infancias se encuentran expuestas, busca que el p\u00fablico joven, sobre todo, pueda identificarlos y hacerles frente\u201d.<\/p>\n\n\n\n<blockquote class=\"wp-block-quote is-layout-flow wp-block-quote-is-layout-flow\"><p>\u201cEsta obra proviene de una situaci\u00f3n muy curiosa sobre el abandono que sufren algunas adolescentes en familias de pueblos peque\u00f1os, pero de repente te encuentras con que el pap\u00e1 tiene otras familias y ves c\u00f3mo van descubriendo que son hermanos de gente con la que conviven ah\u00ed, sin saberlo.\u00a0<\/p><p>\u201cMe empez\u00f3 a preocupar mucho eso que es muy frecuente no s\u00f3lo en pueblos alejados, sino tambi\u00e9n en ciudades, entonces quise desarrollar el hecho de c\u00f3mo se encontrar\u00edan un par de hermanas acechadas por una situaci\u00f3n as\u00ed dentro de un pueblo peque\u00f1o, y c\u00f3mo se relacionan entre ellas\u201d, afirm\u00f3 Garibaldy L\u00f3pez.<\/p><\/blockquote>\n\n\n\n<p>Respecto al premio, el ganador coment\u00f3: \u201cEs un gran honor recibir un premio que he buscado durante algunas ocasiones anteriores y que ahora se da. Sobre todo porque es un premio muy entra\u00f1able para la comunidad lagunera en particular, porque la sede es el Teatro \u2018Isauro Mart\u00ednez\u2019, que tambi\u00e9n es un teatro muy entra\u00f1able para nosotros los laguneros, y por el p\u00fablico a quien va dirigido el tema de la convocatoria. Hay un valor emocional en haber obtenido este premio tan importante, que busca dar impulso a esta dramaturgia dirigida para j\u00f3venes\u201d.<\/p>\n\n\n\n<p><strong>SEMBLANZA<\/strong><\/p>\n\n\n\n<p>Ignacio Garibaldy naci\u00f3 en Torre\u00f3n, Coahuila, en 1978. Es Licenciado en Filosof\u00eda por la Universidad Vasco de Quiroga. Estudi\u00f3 el Diplomado en Creaci\u00f3n Literaria en la Escuela de Escritores de La Laguna (Sogem); fue becario del Fondo Estatal para las Cultura y las Artes de Coahuila en la Categor\u00eda de J\u00f3venes Creadores con especialidad en Dramaturgia; curs\u00f3 el Diplomado en Escritura Dram\u00e1tica para J\u00f3venes Audiencias (Teatro \u201cIsauro Mart\u00ednez\u201d, INBAL). Es autor de las obras \u201cTres tristes v\u00edrgenes\u201d, presentada en el Teatro \u201cIsauro Mart\u00ednez\u201d en 2010, publicada por la Universidad Aut\u00f3noma de Coahuila y Siglo XXI, en 2011. \u201cEl gran espacio en que no est\u00e1s\u201d, presentada en Casa Aquelarre en 2017, y de las adaptaciones \u201cLas mil y unas se\u00f1as\u201d, para el grupo de Teatro Miradas y Se\u00f1as en 2009, y \u201cMoli\u00e8re entre faldas\u201d, presentada en Casa de Cantera en 2022.&nbsp;<\/p>\n\n\n\n<p>Publica ensayos y dramaturgia en el blog&nbsp;<a rel=\"noreferrer noopener\" href=\"http:\/\/registrosdevoz.com\/\" target=\"_blank\">registrosdevoz.com<\/a>.<\/p>\n\n\n\n<p><strong>Rese\u00f1a de la obra ganadora:<\/strong><\/p>\n\n\n\n<p>\u201cLa voz de la tierra roja\u201d se trata de una obra de teatro muy breve pero muy \u00e1gil y llena de vigor. Son 5 personajes: Patricia, Dolores, L\u00e1zaro, Cacho y Eulalia, adolescentes de entre 13 y 17 a\u00f1os. La escena se desarrolla ante un \u201cmezquite sembrado en un amplio terreno de tierra roja, ubicado a las afueras de un pueblo cualquiera\u201d.&nbsp;<\/p>\n\n\n\n<p>El autor expone y cuestiona los usos y costumbres propios de cualquier lugar en M\u00e9xico, lo que se espera de las mujeres y de los hombres por el hecho de serlo; lo que se les permite o lo que no: Casarse, tener un oficio, mantener o ser mantenido, o, por ejemplo, el comportamiento normalizado de que los hombres puedan tener tantos hijos al grado de que logren llenar un pueblo. Todo ello mediante un lenguaje din\u00e1mico y divertido.<\/p>\n\n\n\n<p>El Premio Bellas Artes de Obra de Teatro para Ni\u00f1as, Ni\u00f1os y J\u00f3venes surgi\u00f3 en 1981 para promover este g\u00e9nero literario y difundir el teatro en p\u00fablicos conformados por ni\u00f1as, ni\u00f1os y adolescentes.&nbsp;<\/p>\n\n\n\n<p>Desde 2018 el galard\u00f3n es reconocido con el nombre actual en honor a la escritora, actriz y dramaturga argentina Perla Szuchmacher, precursora del teatro infantil en Am\u00e9rica Latina, quien residi\u00f3 en M\u00e9xico por m\u00e1s de 30 a\u00f1os, hasta el d\u00eda de su muerte, el 10 de mayo de 2010.<\/p>\n\n\n\n<p>En m\u00e1s de cuatro d\u00e9cadas, creadoras y creadores teatrales como Humberto Constantini (1981), Sabina Berman (1982), Mari Zacar\u00edas (1992), Antonio Malpica (2002), Ignacio Padilla (2008), Alejandro Rica\u00f1o y Sara Pinet (2014), Mariana Hartas\u00e1nchez (2015), Adriano Madriles (2018), Luis Antonio Rinc\u00f3n (2019), Luis Agust\u00edn Ayhll\u00f3n Flores (2020) y Patricia Mart\u00ednez Pedreguera (2021), han recibido este reconocimiento.<\/p>\n","protected":false},"excerpt":{"rendered":"<p>La Secretar\u00eda de Cultura de Coahuila, el Patronato del Teatro \u201cIsauro Mart\u00ednez\u201d y&nbsp; el Instituto Nacional de Bellas Artes y Literatura (a trav\u00e9s de la Coordinaci\u00f3n Nacional de Literatura), entregaron &hellip; <a href=\"https:\/\/lavereda.com.mx\/index.php\/2022\/12\/03\/entregan-el-premio-bellas-artes-de-obra-de-teatro-para-ninas-y-ninos\/\" class=\"more-link\">Leer m\u00e1s<\/a><\/p>\n","protected":false},"author":1,"featured_media":4488,"comment_status":"open","ping_status":"open","sticky":false,"template":"","format":"standard","meta":{"footnotes":""},"categories":[5,18],"tags":[32,30],"class_list":["post-4487","post","type-post","status-publish","format-standard","has-post-thumbnail","hentry","category-letras-y-libros","category-lomasrelevante","tag-literatura","tag-torreon","entry"],"_links":{"self":[{"href":"https:\/\/lavereda.com.mx\/index.php\/wp-json\/wp\/v2\/posts\/4487","targetHints":{"allow":["GET"]}}],"collection":[{"href":"https:\/\/lavereda.com.mx\/index.php\/wp-json\/wp\/v2\/posts"}],"about":[{"href":"https:\/\/lavereda.com.mx\/index.php\/wp-json\/wp\/v2\/types\/post"}],"author":[{"embeddable":true,"href":"https:\/\/lavereda.com.mx\/index.php\/wp-json\/wp\/v2\/users\/1"}],"replies":[{"embeddable":true,"href":"https:\/\/lavereda.com.mx\/index.php\/wp-json\/wp\/v2\/comments?post=4487"}],"version-history":[{"count":2,"href":"https:\/\/lavereda.com.mx\/index.php\/wp-json\/wp\/v2\/posts\/4487\/revisions"}],"predecessor-version":[{"id":4490,"href":"https:\/\/lavereda.com.mx\/index.php\/wp-json\/wp\/v2\/posts\/4487\/revisions\/4490"}],"wp:featuredmedia":[{"embeddable":true,"href":"https:\/\/lavereda.com.mx\/index.php\/wp-json\/wp\/v2\/media\/4488"}],"wp:attachment":[{"href":"https:\/\/lavereda.com.mx\/index.php\/wp-json\/wp\/v2\/media?parent=4487"}],"wp:term":[{"taxonomy":"category","embeddable":true,"href":"https:\/\/lavereda.com.mx\/index.php\/wp-json\/wp\/v2\/categories?post=4487"},{"taxonomy":"post_tag","embeddable":true,"href":"https:\/\/lavereda.com.mx\/index.php\/wp-json\/wp\/v2\/tags?post=4487"}],"curies":[{"name":"wp","href":"https:\/\/api.w.org\/{rel}","templated":true}]}}