{"id":4481,"date":"2022-12-02T06:05:08","date_gmt":"2022-12-02T06:05:08","guid":{"rendered":"http:\/\/lavereda.com.mx\/?p=4481"},"modified":"2022-12-02T06:05:09","modified_gmt":"2022-12-02T06:05:09","slug":"el-libro-galeria-de-personajes-laguneros-se-presentara-en-museo-arocena","status":"publish","type":"post","link":"https:\/\/lavereda.com.mx\/index.php\/2022\/12\/02\/el-libro-galeria-de-personajes-laguneros-se-presentara-en-museo-arocena\/","title":{"rendered":"El libro \u201cGaler\u00eda de Personajes Laguneros\u201d se presentar\u00e1 en Museo Arocena"},"content":{"rendered":"\n<p>La presentaci\u00f3n del libro \u201cGaler\u00eda de Personajes Laguneros\u201d, del cronista oficial de la ciudad, Jes\u00fas Gerardo Sotomayor Garza, est\u00e1 lista para exhibirse, est\u00e1 tiene como objetivo que las nuevas generaciones de laguneros conozcan la vida y obra de las mujeres y hombres que han forjado la regi\u00f3n, fortaleciendo as\u00ed la identidad comunitaria.<\/p>\n\n\n\n<p>La presentaci\u00f3n tiene fecha para el viernes 02 de diciembre a las 18:00 horas, en el Auditorio del Museo Arocena, con entrada al p\u00fablico por la calle Cepeda.<\/p>\n\n\n\n<p>Dijo que en sus casi 250 p\u00e1ginas la publicaci\u00f3n abarca el periodo desde la fundaci\u00f3n del rancho \u201cEl Torre\u00f3n\u201d hasta la actualidad, entregando al lector un acercamiento a las vidas de sus fundadores, pol\u00edticos y luchadores sociales, profesionales y empresarios, artistas y promotores culturales, fil\u00e1ntropos y gu\u00edas espirituales, que le han dado vida a la Comarca Lagunera y a la ciudad.<\/p>\n\n\n\n<p>Jes\u00fas Gerardo Sotomayor Garza es Cronista Oficial de la Ciudad por el R. Ayuntamiento de Torre\u00f3n, cuenta con grados de Maestro en Justicia y Derecho por la Universidad Aut\u00f3noma del Noreste y de Doctor en Derecho Penal por el Instituto de Posgrados en Humanidades, A.C.&nbsp;<\/p>\n\n\n\n<p>Ha participado como conferencista y ponente en diversos cursos, seminarios pr\u00e1cticos y ciclos en materia jur\u00eddica y temas hist\u00f3ricos de la Comarca Lagunera.&nbsp;&nbsp;&nbsp;<\/p>\n\n\n\n<p>Le fue impuesta la venera como miembro de n\u00famero del Colegio de Investigaciones Hist\u00f3ricas y ha sido nombrado acad\u00e9mico correspondiente de la Real Academia Europea, dedicada a la investigaci\u00f3n y difusi\u00f3n del conocimiento.<\/p>\n\n\n\n<p>Es autor de diversas y numerosas obras de tomas jur\u00eddicas especializados y de historia regional, publicadas por instancias gubernamentales, instituciones acad\u00e9micas y prestigiados sellos editoriales, por mencionar parte de su trayectoria.<\/p>\n","protected":false},"excerpt":{"rendered":"<p>La presentaci\u00f3n del libro \u201cGaler\u00eda de Personajes Laguneros\u201d, del cronista oficial de la ciudad, Jes\u00fas Gerardo Sotomayor Garza, est\u00e1 lista para exhibirse, est\u00e1 tiene como objetivo que las nuevas generaciones &hellip; <a href=\"https:\/\/lavereda.com.mx\/index.php\/2022\/12\/02\/el-libro-galeria-de-personajes-laguneros-se-presentara-en-museo-arocena\/\" class=\"more-link\">Leer m\u00e1s<\/a><\/p>\n","protected":false},"author":17,"featured_media":4482,"comment_status":"open","ping_status":"open","sticky":false,"template":"","format":"standard","meta":{"footnotes":""},"categories":[5,18],"tags":[],"class_list":["post-4481","post","type-post","status-publish","format-standard","has-post-thumbnail","hentry","category-letras-y-libros","category-lomasrelevante","entry"],"_links":{"self":[{"href":"https:\/\/lavereda.com.mx\/index.php\/wp-json\/wp\/v2\/posts\/4481","targetHints":{"allow":["GET"]}}],"collection":[{"href":"https:\/\/lavereda.com.mx\/index.php\/wp-json\/wp\/v2\/posts"}],"about":[{"href":"https:\/\/lavereda.com.mx\/index.php\/wp-json\/wp\/v2\/types\/post"}],"author":[{"embeddable":true,"href":"https:\/\/lavereda.com.mx\/index.php\/wp-json\/wp\/v2\/users\/17"}],"replies":[{"embeddable":true,"href":"https:\/\/lavereda.com.mx\/index.php\/wp-json\/wp\/v2\/comments?post=4481"}],"version-history":[{"count":1,"href":"https:\/\/lavereda.com.mx\/index.php\/wp-json\/wp\/v2\/posts\/4481\/revisions"}],"predecessor-version":[{"id":4483,"href":"https:\/\/lavereda.com.mx\/index.php\/wp-json\/wp\/v2\/posts\/4481\/revisions\/4483"}],"wp:featuredmedia":[{"embeddable":true,"href":"https:\/\/lavereda.com.mx\/index.php\/wp-json\/wp\/v2\/media\/4482"}],"wp:attachment":[{"href":"https:\/\/lavereda.com.mx\/index.php\/wp-json\/wp\/v2\/media?parent=4481"}],"wp:term":[{"taxonomy":"category","embeddable":true,"href":"https:\/\/lavereda.com.mx\/index.php\/wp-json\/wp\/v2\/categories?post=4481"},{"taxonomy":"post_tag","embeddable":true,"href":"https:\/\/lavereda.com.mx\/index.php\/wp-json\/wp\/v2\/tags?post=4481"}],"curies":[{"name":"wp","href":"https:\/\/api.w.org\/{rel}","templated":true}]}}