{"id":4478,"date":"2022-11-30T23:42:44","date_gmt":"2022-11-30T23:42:44","guid":{"rendered":"http:\/\/lavereda.com.mx\/?p=4478"},"modified":"2022-11-30T23:42:45","modified_gmt":"2022-11-30T23:42:45","slug":"el-requiem-de-mozart-regresa-con-camerata-de-coahuila","status":"publish","type":"post","link":"https:\/\/lavereda.com.mx\/index.php\/2022\/11\/30\/el-requiem-de-mozart-regresa-con-camerata-de-coahuila\/","title":{"rendered":"El R\u00e9quiem de Mozart regresa con Camerata de Coahuila"},"content":{"rendered":"\n<ul class=\"wp-block-list\"><li><em>Fue en noviembre del 2015 la \u00faltima vez que la orquesta present\u00f3 el r\u00e9quiem de Mozart<\/em><\/li><\/ul>\n\n\n\n<p>Camerata de Coahuila ofrece dos presentaciones de una de las obras m\u00e1s emblem\u00e1ticas e importantes de todo el cat\u00e1logo de Wolfgang Amadeus Mozart:\u00a0\u201cR\u00e9quiem\u201d,\u00a0bajo la direcci\u00f3n art\u00edstica del Maestro Ram\u00f3n Shade. La cita es este viernes 02 de diciembre en punto de las 20:30 horas y el domingo 04 de diciembre a las 12:00 horas en el Teatro Isauro Mart\u00ednez.<\/p>\n\n\n\n<p>Al entrar ya pr\u00e1cticamente en su lecho de muerte, abatido f\u00edsicamente por una cruenta y constante lucha por la propia vida, Mozart recibi\u00f3 la visita de un empleado del conde Franz Walsegg de quien se sab\u00eda gustaba de encargar obras a los grandes m\u00fasicos y despu\u00e9s adjudicarse el m\u00e9rito.<\/p>\n\n\n\n<p>Aunque su existencia fue breve, vivi\u00f3 intensamente y de la misma forma entrego generosa y prodigiosamente sus \u00faltimas notas y aliento a la composici\u00f3n de R\u00e9quiem con la convicci\u00f3n de que, de alguna manera lo escrib\u00eda para s\u00ed.<\/p>\n\n\n\n<p>Tras la inevitable e intempestiva muerte del genio, Constanza Weber, su viuda, encontr\u00f3 la forma de completar la obra recurriendo a la ayuda de diferentes disc\u00edpulos y amigos de su difunto esposo.<\/p>\n\n\n\n<p>El R\u00e9quiem completo ser\u00eda estrenado el 2 de enero de 1793 en un concierto a beneficio de Constanza Weber. El conde Walsegg recibir\u00eda la partitura de su comisi\u00f3n a principios de diciembre de ese mismo a\u00f1o y el 14 de ese mes dirigir\u00eda su propio estreno para conmemorar la muerte de su esposa.<\/p>\n\n\n\n<p>Contar\u00e1 con la participaci\u00f3n de Luz Alicia \u00c1vila (soprano), Melissa Reuter (alto), Octavio Rivas (tenor), Jos\u00e9 Luis Marrero (bajo) y la participaci\u00f3n de 60 voces del Coro del Instituto de M\u00fasica de Coahuila.<\/p>\n\n\n\n<p>El costo de los boletos es planta baja $250.00, Mezzanine $200.00 y Galer\u00eda $120.00, los cuales pueden ser adquiridos en la plataforma digital de Newticket y en taquillas del teatro los d\u00edas del concierto.<\/p>\n\n\n\n<p><\/p>\n","protected":false},"excerpt":{"rendered":"<p>Fue en noviembre del 2015 la \u00faltima vez que la orquesta present\u00f3 el r\u00e9quiem de Mozart Camerata de Coahuila ofrece dos presentaciones de una de las obras m\u00e1s emblem\u00e1ticas e &hellip; <a href=\"https:\/\/lavereda.com.mx\/index.php\/2022\/11\/30\/el-requiem-de-mozart-regresa-con-camerata-de-coahuila\/\" class=\"more-link\">Leer m\u00e1s<\/a><\/p>\n","protected":false},"author":1,"featured_media":4479,"comment_status":"open","ping_status":"open","sticky":false,"template":"","format":"standard","meta":{"footnotes":""},"categories":[18,4],"tags":[],"class_list":["post-4478","post","type-post","status-publish","format-standard","has-post-thumbnail","hentry","category-lomasrelevante","category-musica","entry"],"_links":{"self":[{"href":"https:\/\/lavereda.com.mx\/index.php\/wp-json\/wp\/v2\/posts\/4478","targetHints":{"allow":["GET"]}}],"collection":[{"href":"https:\/\/lavereda.com.mx\/index.php\/wp-json\/wp\/v2\/posts"}],"about":[{"href":"https:\/\/lavereda.com.mx\/index.php\/wp-json\/wp\/v2\/types\/post"}],"author":[{"embeddable":true,"href":"https:\/\/lavereda.com.mx\/index.php\/wp-json\/wp\/v2\/users\/1"}],"replies":[{"embeddable":true,"href":"https:\/\/lavereda.com.mx\/index.php\/wp-json\/wp\/v2\/comments?post=4478"}],"version-history":[{"count":1,"href":"https:\/\/lavereda.com.mx\/index.php\/wp-json\/wp\/v2\/posts\/4478\/revisions"}],"predecessor-version":[{"id":4480,"href":"https:\/\/lavereda.com.mx\/index.php\/wp-json\/wp\/v2\/posts\/4478\/revisions\/4480"}],"wp:featuredmedia":[{"embeddable":true,"href":"https:\/\/lavereda.com.mx\/index.php\/wp-json\/wp\/v2\/media\/4479"}],"wp:attachment":[{"href":"https:\/\/lavereda.com.mx\/index.php\/wp-json\/wp\/v2\/media?parent=4478"}],"wp:term":[{"taxonomy":"category","embeddable":true,"href":"https:\/\/lavereda.com.mx\/index.php\/wp-json\/wp\/v2\/categories?post=4478"},{"taxonomy":"post_tag","embeddable":true,"href":"https:\/\/lavereda.com.mx\/index.php\/wp-json\/wp\/v2\/tags?post=4478"}],"curies":[{"name":"wp","href":"https:\/\/api.w.org\/{rel}","templated":true}]}}