{"id":4455,"date":"2022-11-24T02:45:48","date_gmt":"2022-11-24T02:45:48","guid":{"rendered":"http:\/\/lavereda.com.mx\/?p=4455"},"modified":"2022-11-24T02:45:49","modified_gmt":"2022-11-24T02:45:49","slug":"laguneras-presentan-gala-de-moda-y-diseno","status":"publish","type":"post","link":"https:\/\/lavereda.com.mx\/index.php\/2022\/11\/24\/laguneras-presentan-gala-de-moda-y-diseno\/","title":{"rendered":"Laguneras presentan gala de moda y dise\u00f1o"},"content":{"rendered":"\n<p>Las dise\u00f1adoras laguneras Sharon Nadine y Paulina Meza se preparan para ser las protagonistas y anfitrionas de una noche llena de las mejores muestras de moda Lagunera. En un evento con pasarela, m\u00fasica y luces, bocadillos, brindis y regalos para los asistentes, se preparan para consentir a clientes, amigos y p\u00fablico en general.&nbsp;<\/p>\n\n\n\n<p>La cita es este viernes 25 de noviembre en la Plaza Pe\u00f1oles, dentro del Museo Arocena de Torre\u00f3n a las 19.30 horas. El p\u00fablico en general est\u00e1 invitado a asistir y pueden adquirir boletos en www.paulinameza.com o en la puerta del evento.\u00a0<\/p>\n\n\n\n<p>La dise\u00f1adora de joyas, Paulina Meza, present\u00f3 sus colecciones a nivel mundial este a\u00f1o, y se prepara para deleitar al p\u00fablico local con sus creaciones. En octubre, estuvo presente en la Milano Jewelry Week 2022, y apenas hace unos d\u00edas, en la versi\u00f3n digital de la New York Jewelry Week 2022.\u00a0<\/p>\n\n\n\n<p>El p\u00fablico lagunero podr\u00e1 ver de primera mano las creaciones que han tenido resonancia internacional la noche del pr\u00f3ximo viernes.&nbsp;<\/p>\n\n\n\n<p>Por su parte, la dise\u00f1adora de modas Sharon Nadine, estar\u00e1 presentando su nueva colecci\u00f3n pret-a-porter, mostr\u00e1ndonos su gran gama de habilidades y sali\u00e9ndose de lo conocido: sus vestidos tienen impresiones a nivel nacional y son (hasta ahora) su sello.&nbsp;<\/p>\n\n\n\n<p>Sin embargo, dar\u00e1 a probar al p\u00fablico su nueva e impresionante colecci\u00f3n de sastrer\u00eda.&nbsp;<\/p>\n\n\n\n<p>La inspiraci\u00f3n del evento se centra en los cielos nocturnos, las estrellas y colores nocherniegos, y se combinar\u00e1n tendencias como la ola vaquera que arrasa las revistas de moda por todo el globo.&nbsp;<\/p>\n\n\n\n<p>La Asociaci\u00f3n de Plata en La Laguna, Asociaci\u00f3n Civil que tiene como objetivo difundir el trabajo de joyer\u00eda de plata que se realiza en la regi\u00f3n, abrir\u00e1 la pasarela junto con dos boutiques locales invitadas: el proyecto Sarato y Los Tres Garc\u00eda.&nbsp;<\/p>\n\n\n\n<p>M\u00faltiples negocios laguneros se preparan para ser co-anfitriones y ofrecer muestras de sus productos, as\u00ed como tambi\u00e9n algunos tendr\u00e1n tiendas tipo pop-up shops donde los asistentes podr\u00e1n adquirir lo visto en pasarela.&nbsp;<\/p>\n\n\n\n<p>El cupo es limitado para los asistentes y se les recomienda prever y comprar sus boletos con anticipaci\u00f3n.&nbsp;<\/p>\n","protected":false},"excerpt":{"rendered":"<p>Las dise\u00f1adoras laguneras Sharon Nadine y Paulina Meza se preparan para ser las protagonistas y anfitrionas de una noche llena de las mejores muestras de moda Lagunera. En un evento &hellip; <a href=\"https:\/\/lavereda.com.mx\/index.php\/2022\/11\/24\/laguneras-presentan-gala-de-moda-y-diseno\/\" class=\"more-link\">Leer m\u00e1s<\/a><\/p>\n","protected":false},"author":1,"featured_media":4456,"comment_status":"open","ping_status":"open","sticky":false,"template":"","format":"standard","meta":{"footnotes":""},"categories":[3,18],"tags":[57,58,30],"class_list":["post-4455","post","type-post","status-publish","format-standard","has-post-thumbnail","hentry","category-artes-visuales","category-lomasrelevante","tag-joyeria","tag-moda","tag-torreon","entry"],"_links":{"self":[{"href":"https:\/\/lavereda.com.mx\/index.php\/wp-json\/wp\/v2\/posts\/4455","targetHints":{"allow":["GET"]}}],"collection":[{"href":"https:\/\/lavereda.com.mx\/index.php\/wp-json\/wp\/v2\/posts"}],"about":[{"href":"https:\/\/lavereda.com.mx\/index.php\/wp-json\/wp\/v2\/types\/post"}],"author":[{"embeddable":true,"href":"https:\/\/lavereda.com.mx\/index.php\/wp-json\/wp\/v2\/users\/1"}],"replies":[{"embeddable":true,"href":"https:\/\/lavereda.com.mx\/index.php\/wp-json\/wp\/v2\/comments?post=4455"}],"version-history":[{"count":1,"href":"https:\/\/lavereda.com.mx\/index.php\/wp-json\/wp\/v2\/posts\/4455\/revisions"}],"predecessor-version":[{"id":4457,"href":"https:\/\/lavereda.com.mx\/index.php\/wp-json\/wp\/v2\/posts\/4455\/revisions\/4457"}],"wp:featuredmedia":[{"embeddable":true,"href":"https:\/\/lavereda.com.mx\/index.php\/wp-json\/wp\/v2\/media\/4456"}],"wp:attachment":[{"href":"https:\/\/lavereda.com.mx\/index.php\/wp-json\/wp\/v2\/media?parent=4455"}],"wp:term":[{"taxonomy":"category","embeddable":true,"href":"https:\/\/lavereda.com.mx\/index.php\/wp-json\/wp\/v2\/categories?post=4455"},{"taxonomy":"post_tag","embeddable":true,"href":"https:\/\/lavereda.com.mx\/index.php\/wp-json\/wp\/v2\/tags?post=4455"}],"curies":[{"name":"wp","href":"https:\/\/api.w.org\/{rel}","templated":true}]}}