{"id":444,"date":"2020-08-16T18:21:37","date_gmt":"2020-08-16T18:21:37","guid":{"rendered":"https:\/\/web.lavereda.com.mx\/?p=444"},"modified":"2020-08-16T18:21:37","modified_gmt":"2020-08-16T18:21:37","slug":"cine-tv-matilda","status":"publish","type":"post","link":"https:\/\/lavereda.com.mx\/index.php\/2020\/08\/16\/cine-tv-matilda\/","title":{"rendered":"Cine TV. Matilda"},"content":{"rendered":"\n<p>(Matilda, 1996)<\/p>\n\n\n\n<p>Matilda es una ni\u00f1a encantadora. Tiene el coeficiente intelectual de un genio, la sensibilidad de una artista y, adem\u00e1s, posee poderes de telequinesis.<\/p>\n\n\n\n<p>La gran desgracia de su vida es su propia familia. Tiene los peores padres del mundo que la maltratan y le impiden que goce de la lectura, el mayor de los placeres al que tiene acceso.<\/p>\n\n\n\n<p>En este ambiente adverso, la chiquilla encontrar\u00e1 en su dulce profesora a una c\u00f3mplice que le ayudar\u00e1 a superar la opresi\u00f3n de sus padres y, tambi\u00e9n, a sobrevivir a la terrible directora, que la trata a ella y a todos sus compa\u00f1eros como prisioneros en un campo de exterminio.<\/p>\n\n\n\n<p>La simp\u00e1tica Mara Wilson estelariza esta tierna comedia familiar basada en el libro hom\u00f3nimo de Roald Dahl, que se refiere a las inquietudes de la infancia de las que los adultos, ocupados en sus propios problemas, ni siquiera se percatan. Matilda es noble y generosa, y su mundo interior es intenso, pero el entorno en el que crece es complicado, y le clausura posibilidades de desarrollo personal, por lo que est\u00e1 obligada a rebelarse.<\/p>\n\n\n\n<p>La direcci\u00f3n de Danny DeVito es soberbia. Ubicado en su papel del odioso se\u00f1or Wormwood, padre de la ni\u00f1a prodigiosa, DeVito saca lo mejor de su vena c\u00f3mica para hacer un gran papel como el se\u00f1or malvado, apostador, indiferente e irresponsable.<\/p>\n\n\n\n<p>Pero el gran personaje antag\u00f3nico es el de la maestra Tronchatoro (Pam Ferris), una institutriz de actitud nazi que buscar\u00e1 aniquilar la alegr\u00eda de Matilda. Aunque, como se sabe, un buen coraz\u00f3n, como el de esta ni\u00f1a, iluminar\u00e1 siempre un camino de tinieblas.<\/p>\n\n\n\n<p>Matilda es una maravillosa cinta que toca, como su gran tema, la debida atenci\u00f3n que deben dar los grandes a los chicos.<\/p>\n\n\n\n<p>(PG. Orientaci\u00f3n de los padres)<\/p>\n\n\n\n<p>Netflix<\/p>\n\n\n\n<p>@LucianoCamposG<\/p>\n","protected":false},"excerpt":{"rendered":"<p>Matilda es una ni\u00f1a encantadora. Tiene el coeficiente intelectual de un genio, la sensibilidad de una artista y, adem\u00e1s, posee poderes de telequinesis.<\/p>\n","protected":false},"author":3,"featured_media":445,"comment_status":"open","ping_status":"open","sticky":false,"template":"","format":"standard","meta":{"footnotes":""},"categories":[6],"tags":[],"class_list":["post-444","post","type-post","status-publish","format-standard","has-post-thumbnail","hentry","category-cinetv","entry"],"_links":{"self":[{"href":"https:\/\/lavereda.com.mx\/index.php\/wp-json\/wp\/v2\/posts\/444","targetHints":{"allow":["GET"]}}],"collection":[{"href":"https:\/\/lavereda.com.mx\/index.php\/wp-json\/wp\/v2\/posts"}],"about":[{"href":"https:\/\/lavereda.com.mx\/index.php\/wp-json\/wp\/v2\/types\/post"}],"author":[{"embeddable":true,"href":"https:\/\/lavereda.com.mx\/index.php\/wp-json\/wp\/v2\/users\/3"}],"replies":[{"embeddable":true,"href":"https:\/\/lavereda.com.mx\/index.php\/wp-json\/wp\/v2\/comments?post=444"}],"version-history":[{"count":1,"href":"https:\/\/lavereda.com.mx\/index.php\/wp-json\/wp\/v2\/posts\/444\/revisions"}],"predecessor-version":[{"id":446,"href":"https:\/\/lavereda.com.mx\/index.php\/wp-json\/wp\/v2\/posts\/444\/revisions\/446"}],"wp:featuredmedia":[{"embeddable":true,"href":"https:\/\/lavereda.com.mx\/index.php\/wp-json\/wp\/v2\/media\/445"}],"wp:attachment":[{"href":"https:\/\/lavereda.com.mx\/index.php\/wp-json\/wp\/v2\/media?parent=444"}],"wp:term":[{"taxonomy":"category","embeddable":true,"href":"https:\/\/lavereda.com.mx\/index.php\/wp-json\/wp\/v2\/categories?post=444"},{"taxonomy":"post_tag","embeddable":true,"href":"https:\/\/lavereda.com.mx\/index.php\/wp-json\/wp\/v2\/tags?post=444"}],"curies":[{"name":"wp","href":"https:\/\/api.w.org\/{rel}","templated":true}]}}