{"id":4433,"date":"2022-11-16T23:42:05","date_gmt":"2022-11-16T23:42:05","guid":{"rendered":"http:\/\/lavereda.com.mx\/?p=4433"},"modified":"2022-11-16T23:42:06","modified_gmt":"2022-11-16T23:42:06","slug":"el-teatro-de-sinaloa-y-la-busqueda-de-la-justicia","status":"publish","type":"post","link":"https:\/\/lavereda.com.mx\/index.php\/2022\/11\/16\/el-teatro-de-sinaloa-y-la-busqueda-de-la-justicia\/","title":{"rendered":"El teatro de Sinaloa y la b\u00fasqueda de la justicia"},"content":{"rendered":"\n<ul class=\"wp-block-list\"><li><strong><em>\u201cSabueso\u201d abord\u00f3 el tema de las desaparaciones en la 42 Muestra Nacional de Teatro<\/em><\/strong><\/li><\/ul>\n\n\n\n<p>\u00bfA qu\u00e9 huele la impunidad? \u00bfA qu\u00e9 huele la ausencia de justicia? Son preguntas que se hacen las buscadoras de desaparecidos, all\u00e1 en Sinaloa, ac\u00e1 en Coahuila\u2026 En la intimidad del foro esc\u00e9nico La Est\u00e9tica, se present\u00f3 este martes y mi\u00e9rcoles la obra \u201cSabueso\u201d de la Compa\u00f1\u00eda La Terca Teatro de Sinaola, dentro de la 42 Muestra Nacional de Teatro que se realiza en esta ciudad.<\/p>\n\n\n\n<p>Es una pieza esc\u00e9nica que parte de la investigaci\u00f3n sobre la desaparici\u00f3n forzada en Sinaloa y del testimonio de Mar\u00eda Isabel Cruz Bernal, l\u00edder del grupo de b\u00fasqueda Sabuesos Guerreras. Es la historia del grupo a partir de la desaparici\u00f3n de Yosimar y del recuento de los hechos y memoria desde los ojos de su madre, quien decidi\u00f3 salir a las calles a buscarlo y enfrentarse al sistema de justicia mexicano.<\/p>\n\n\n\n<p>La representaci\u00f3n fue un mon\u00f3logo a cargo de Teresa D\u00edaz del Guante, quien adem\u00e1s realiz\u00f3 la dramaturgia y direcci\u00f3n de la pieza. Ella nos llev\u00f3 por momentos de desesperaci\u00f3n, tristeza, decepci\u00f3n y coraje que vive una madre sinaloense en b\u00fasqueda de su hijo, y que, desafortunadamente es una realidad que coincide con nuestra geograf\u00eda local: la de La Laguna y la de Coahuila.<\/p>\n\n\n\n<p>Seg\u00fan la historia que la actriz nos cont\u00f3, Mar\u00eda Isabel Cruz perdi\u00f3 a su hijo Yosimar, polic\u00eda de profesi\u00f3n, un d\u00eda de enero de 2017. A la fecha el joven no ha sido encontrado y su madre se ha topado con los errores del sistema de justicia, con la omisi\u00f3n, con expedientes burocr\u00e1ticos, con mentiras, dejando claro que la esperanza es lo \u00faltimo que se pierde.<\/p>\n\n\n\n<p>La propuesta esc\u00e9nica utiliz\u00f3 elementos como objetos de b\u00fasqueda, l\u00e1mparas, un proyector con el rostro de Yosimar y al fondo, sobre la pared negra, el dibujo de su silueta. La actriz recre\u00f3 la escena de la desaparici\u00f3n, producto de un encuentro entre fuerzas de seguridad, jugando con la tierra, el agua y la iluminacion, como aliados en su discurso.<\/p>\n\n\n\n<p>Por espacio de una hora, el personaje nos hizo recordar hechos muy similares a los ocurridos en nuestra regi\u00f3n y alrededores: el hallazgo de restos \u00f3seos y c\u00f3mo las madres y padres de desaparecidos se enfrentan d\u00eda con d\u00eda a la negativa de la justicia, pero con la frente en alto, y sin la m\u00ednima intenci\u00f3n de olvidar.<\/p>\n\n\n\n<p>Con obras como \u00e9sta, queda claro que la Muestra Nacional de Teatro busca ofrecer un panorama esc\u00e9nico que refleje la realidad social que vive M\u00e9xico en cada una de sus zonas, sin concesiones y como un llamado y un grito de atenci\u00f3n, en la b\u00fasqueda de la justicia.<\/p>\n\n\n\n<p>\u201cSabueso\u201d se presenta de nuevo este mi\u00e9rcoles 16 de noviembre, a las 19:00 horas en el mismo foro.<\/p>\n\n\n\n<figure class=\"wp-block-image size-full\"><img fetchpriority=\"high\" decoding=\"async\" width=\"1000\" height=\"667\" src=\"https:\/\/lavereda.com.mx\/wp-content\/uploads\/2022\/11\/Sabueso_Ivan-Torres_02.jpg\" alt=\"\" class=\"wp-image-4435\" srcset=\"https:\/\/lavereda.com.mx\/wp-content\/uploads\/2022\/11\/Sabueso_Ivan-Torres_02.jpg 1000w, https:\/\/lavereda.com.mx\/wp-content\/uploads\/2022\/11\/Sabueso_Ivan-Torres_02-300x200.jpg 300w, https:\/\/lavereda.com.mx\/wp-content\/uploads\/2022\/11\/Sabueso_Ivan-Torres_02-768x512.jpg 768w\" sizes=\"(max-width: 1000px) 100vw, 1000px\" \/><\/figure>\n","protected":false},"excerpt":{"rendered":"<p>\u201cSabueso\u201d abord\u00f3 el tema de las desaparaciones en la 42 Muestra Nacional de Teatro \u00bfA qu\u00e9 huele la impunidad? \u00bfA qu\u00e9 huele la ausencia de justicia? Son preguntas que se &hellip; <a href=\"https:\/\/lavereda.com.mx\/index.php\/2022\/11\/16\/el-teatro-de-sinaloa-y-la-busqueda-de-la-justicia\/\" class=\"more-link\">Leer m\u00e1s<\/a><\/p>\n","protected":false},"author":9,"featured_media":4434,"comment_status":"open","ping_status":"open","sticky":false,"template":"","format":"standard","meta":{"footnotes":""},"categories":[2,18],"tags":[37,36,30],"class_list":["post-4433","post","type-post","status-publish","format-standard","has-post-thumbnail","hentry","category-artes-escenicas","category-lomasrelevante","tag-muestra-nacional-de-teatro","tag-teatro","tag-torreon","entry"],"_links":{"self":[{"href":"https:\/\/lavereda.com.mx\/index.php\/wp-json\/wp\/v2\/posts\/4433","targetHints":{"allow":["GET"]}}],"collection":[{"href":"https:\/\/lavereda.com.mx\/index.php\/wp-json\/wp\/v2\/posts"}],"about":[{"href":"https:\/\/lavereda.com.mx\/index.php\/wp-json\/wp\/v2\/types\/post"}],"author":[{"embeddable":true,"href":"https:\/\/lavereda.com.mx\/index.php\/wp-json\/wp\/v2\/users\/9"}],"replies":[{"embeddable":true,"href":"https:\/\/lavereda.com.mx\/index.php\/wp-json\/wp\/v2\/comments?post=4433"}],"version-history":[{"count":1,"href":"https:\/\/lavereda.com.mx\/index.php\/wp-json\/wp\/v2\/posts\/4433\/revisions"}],"predecessor-version":[{"id":4436,"href":"https:\/\/lavereda.com.mx\/index.php\/wp-json\/wp\/v2\/posts\/4433\/revisions\/4436"}],"wp:featuredmedia":[{"embeddable":true,"href":"https:\/\/lavereda.com.mx\/index.php\/wp-json\/wp\/v2\/media\/4434"}],"wp:attachment":[{"href":"https:\/\/lavereda.com.mx\/index.php\/wp-json\/wp\/v2\/media?parent=4433"}],"wp:term":[{"taxonomy":"category","embeddable":true,"href":"https:\/\/lavereda.com.mx\/index.php\/wp-json\/wp\/v2\/categories?post=4433"},{"taxonomy":"post_tag","embeddable":true,"href":"https:\/\/lavereda.com.mx\/index.php\/wp-json\/wp\/v2\/tags?post=4433"}],"curies":[{"name":"wp","href":"https:\/\/api.w.org\/{rel}","templated":true}]}}