{"id":4412,"date":"2022-11-15T01:28:19","date_gmt":"2022-11-15T01:28:19","guid":{"rendered":"http:\/\/lavereda.com.mx\/?p=4412"},"modified":"2022-11-15T20:19:50","modified_gmt":"2022-11-15T20:19:50","slug":"la-exposicion-mitologia-salvaje-sera-inaugurada-en-el-festival-mural-laguna","status":"publish","type":"post","link":"https:\/\/lavereda.com.mx\/index.php\/2022\/11\/15\/la-exposicion-mitologia-salvaje-sera-inaugurada-en-el-festival-mural-laguna\/","title":{"rendered":"Con la exposici\u00f3n gr\u00e1fica \u201cMitolog\u00eda salvaje\u201d inici\u00f3 el Festival Mural Laguna"},"content":{"rendered":"\n<p>La exposici\u00f3n gr\u00e1fica \u201cMitolog\u00eda Salvaje\u201d, grabados de la artista pl\u00e1stica y muralista mexicana Mar\u00eda Antonieta Canfield, fue inaugurada este lunes 14 de noviembre de noviembre en una de las galer\u00edas del Instituto Municipal de Cultura y Educaci\u00f3n de Torre\u00f3n, como parte del Festival Mural Laguna.<\/p>\n\n\n\n<p>Los d\u00edas del 14 al 20 de noviembre se presenta el Festival Mural Laguna  con el tema de la migraci\u00f3n, con la participaci\u00f3n de m\u00e1s de 50 artistas locales y for\u00e1neos en una semana llena de actividades culturales, art\u00edsticas y recreativas.<\/p>\n\n\n\n<blockquote class=\"wp-block-quote is-layout-flow wp-block-quote-is-layout-flow\"><p>\u201cLa exposici\u00f3n Mitolog\u00eda Salvaje guarda la nostalgia de una infancia llena de sue\u00f1os, es dejarse sorprender por la belleza de las impresiones del camino con animales mitol\u00f3gicos como fuerza simb\u00f3lica y deidad de diferentes culturas mexicanas\u201d, coment\u00f3 la artista Mar\u00eda Antonieta Canfield.<\/p><\/blockquote>\n\n\n\n<p>Invit\u00f3 a conocer la fuerza mitol\u00f3gica que hay detr\u00e1s de cada una de las piezas, en el sentido de que cada animal tiene un car\u00e1cter y que en su forma encierra claras reminiscencias de nuestro propio car\u00e1cter como personas, es observar, conectarse e identificarse con lo sagrado de nuestro interior.<\/p>\n\n\n\n<blockquote class=\"wp-block-quote is-layout-flow wp-block-quote-is-layout-flow\"><p>\u201cEsta serie es un proyecto de vida porque planeo siempre crear un nuevo grabado, un nuevo animal mitol\u00f3gico, un nahual o un dios que se sumar\u00e1 a la colecci\u00f3n Mitolog\u00eda Salvaje\u201d, puntualiz\u00f3.<\/p><\/blockquote>\n\n\n\n<p>Mar\u00eda Antonieta Canfield (15 de Septiembre de 1985) es una artista mexicana que realiza obras monumentales a rappel, adem\u00e1s de trabajar otras t\u00e9cnicas.<\/p>\n\n\n\n<p>Adem\u00e1s de la exposici\u00f3n, se realiz\u00f3 la\u00a0presentaci\u00f3n del Fanzine: \u201cRuta de Paso\u201d. Cr\u00f3nicas sobre Personas Migrantes en La Laguna, por el escritor Fernando de la Vara. En el pres\u00eddium estuvieron presentes la coordinadora de artes visuales del IMCE y curadora de la exposici\u00f3n, Patricia G. Santiago y Alberto Flores Arizpe, productor general del festival<\/p>\n\n\n\n<p>El Festival Mural Laguna contin\u00faa este martes 15 de noviembre, con el Foro-Conversatorio \u201cLa migraci\u00f3n en La Laguna\u201d a las 11:00 horas en la Ibero Torre\u00f3n. <\/p>\n\n\n\n<p>La exposici\u00f3n Mitolog\u00eda Salvaje permanecer\u00e1 exhibida durante dos semanas.<\/p>\n","protected":false},"excerpt":{"rendered":"<p>La exposici\u00f3n gr\u00e1fica \u201cMitolog\u00eda Salvaje\u201d, grabados de la artista pl\u00e1stica y muralista mexicana Mar\u00eda Antonieta Canfield, fue inaugurada este lunes 14 de noviembre de noviembre en una de las galer\u00edas &hellip; <a href=\"https:\/\/lavereda.com.mx\/index.php\/2022\/11\/15\/la-exposicion-mitologia-salvaje-sera-inaugurada-en-el-festival-mural-laguna\/\" class=\"more-link\">Leer m\u00e1s<\/a><\/p>\n","protected":false},"author":17,"featured_media":4413,"comment_status":"open","ping_status":"open","sticky":false,"template":"","format":"standard","meta":{"footnotes":""},"categories":[3,18],"tags":[],"class_list":["post-4412","post","type-post","status-publish","format-standard","has-post-thumbnail","hentry","category-artes-visuales","category-lomasrelevante","entry"],"_links":{"self":[{"href":"https:\/\/lavereda.com.mx\/index.php\/wp-json\/wp\/v2\/posts\/4412","targetHints":{"allow":["GET"]}}],"collection":[{"href":"https:\/\/lavereda.com.mx\/index.php\/wp-json\/wp\/v2\/posts"}],"about":[{"href":"https:\/\/lavereda.com.mx\/index.php\/wp-json\/wp\/v2\/types\/post"}],"author":[{"embeddable":true,"href":"https:\/\/lavereda.com.mx\/index.php\/wp-json\/wp\/v2\/users\/17"}],"replies":[{"embeddable":true,"href":"https:\/\/lavereda.com.mx\/index.php\/wp-json\/wp\/v2\/comments?post=4412"}],"version-history":[{"count":3,"href":"https:\/\/lavereda.com.mx\/index.php\/wp-json\/wp\/v2\/posts\/4412\/revisions"}],"predecessor-version":[{"id":4432,"href":"https:\/\/lavereda.com.mx\/index.php\/wp-json\/wp\/v2\/posts\/4412\/revisions\/4432"}],"wp:featuredmedia":[{"embeddable":true,"href":"https:\/\/lavereda.com.mx\/index.php\/wp-json\/wp\/v2\/media\/4413"}],"wp:attachment":[{"href":"https:\/\/lavereda.com.mx\/index.php\/wp-json\/wp\/v2\/media?parent=4412"}],"wp:term":[{"taxonomy":"category","embeddable":true,"href":"https:\/\/lavereda.com.mx\/index.php\/wp-json\/wp\/v2\/categories?post=4412"},{"taxonomy":"post_tag","embeddable":true,"href":"https:\/\/lavereda.com.mx\/index.php\/wp-json\/wp\/v2\/tags?post=4412"}],"curies":[{"name":"wp","href":"https:\/\/api.w.org\/{rel}","templated":true}]}}