{"id":4409,"date":"2022-11-15T01:23:19","date_gmt":"2022-11-15T01:23:19","guid":{"rendered":"http:\/\/lavereda.com.mx\/?p=4409"},"modified":"2022-11-15T01:54:49","modified_gmt":"2022-11-15T01:54:49","slug":"inauguran-exposicion-vesturario-para-la-escena-en-torreon","status":"publish","type":"post","link":"https:\/\/lavereda.com.mx\/index.php\/2022\/11\/15\/inauguran-exposicion-vesturario-para-la-escena-en-torreon\/","title":{"rendered":"Inauguran exposici\u00f3n \u201cVestuario para la escena\u201d en Torre\u00f3n"},"content":{"rendered":"\n<ul class=\"wp-block-list\"><li><strong><em>Se exhibe del 13 al 19 de Noviembre, de las 11:00 a 18:00 horas en el Foyer del Teatro \u2018Isauro Mart\u00ednez\u2019 y en el lobby del Teatro Nazas<\/em><\/strong>, <strong><em>como parte de la 42 Muestra Nacional de Teatro<\/em><\/strong><\/li><\/ul>\n\n\n\n<p>El vestuario para el teatro es parte integral de una gran actuaci\u00f3n. Puede ayudar a crear car\u00e1cter y personalidad, transmitir un per\u00edodo de tiempo y expresar el estatus social y la clase entre mucho mucho m\u00e1s. El vestuario es un lenguaje y es tan importante como el gui\u00f3n esc\u00e9nico.<\/p>\n\n\n\n<p>La exposici\u00f3n \u201cVestuario para la escena 2022\u201d, gestionada y producido por Carolina Jim\u00e9nez y Estela Fagoga, es en donde los dise\u00f1adores y dise\u00f1adoras expondr\u00e1n m\u00e1s de 200 propuestas a trav\u00e9s de bocetos, fotograf\u00edas y trajes, con el objetivo de crear un discurso narrativo representando diferentes generaciones, \u00e1mbitos y patrimonio cultural.<\/p>\n\n\n\n<p>Claudia de los Santos, Directora de Vinculaci\u00f3n de la Secretar\u00eda de Cultura de Coahuila, durante la inauguraci\u00f3n de la misma dijo: \u201cEsta muestra se realiza gracias a la Asociaci\u00f3n Vestuario a Escena A.C., en colaboraci\u00f3n con la Organizaci\u00f3n Internacional de Escen\u00f3grafos, Arquitectos y T\u00e9cnicos de Teatro, como resultado de reflexiones sobre las particularidades del vestuario teatral, y en la misma se puede apreciar el trabajo de 40 dise\u00f1adoras y dise\u00f1adores, y se realiza con el objetivo de reconocer y mostrar el quehacer art\u00edstico del dise\u00f1o de vestuario esc\u00e9nico profesional\u201d.<\/p>\n\n\n\n<p>Los vestuarios siendo parte tan fundamental del teatro, contribuyen  a contar la historia, ayudan a los actores a meterse en el personaje e inmediatamente le dicen a la audiencia algo sobre lo que est\u00e1 pasando.\u00a0<\/p>\n\n\n\n<p>Entre sus fundadoras se encuentran Teresa Alvarado, Pilar Boliver, Jerildy Bosch, Estela Fagoaga, Fernanda Garc\u00eda, Erika G\u00f3mez, Carolina Jim\u00e9nez, Eloise Kaz\u00e1n, Sol Kellan, Ricardo Loyola, Libertad Mardel, Laura Marnezti, Adriana Olivera, Adriana P\u00e9rez, Emilio Rebollar, Edyta Rzewuska, Sara Salom\u00f3n, Giselle Sandiel y Aldo V\u00e1zquez.<\/p>\n\n\n\n<p>La Secretar\u00eda de Cultura de Coahuila y el Instituto Municipal de Cultura y Educaci\u00f3n, invitan al p\u00fablico a disfrutar de esta exposici\u00f3n, misma que estar\u00e1 abierta hasta el pr\u00f3ximo s\u00e1bado 19 de noviembre, de las 11:00 a 18:00 horas, en el Foyer del Teatro \u201cIsauro Mart\u00ednez\u201d y en el lobby del Teatro Nazas, con entrada gratuita.<\/p>\n","protected":false},"excerpt":{"rendered":"<p>Se exhibe del 13 al 19 de Noviembre, de las 11:00 a 18:00 horas en el Foyer del Teatro \u2018Isauro Mart\u00ednez\u2019 y en el lobby del Teatro Nazas, como parte &hellip; <a href=\"https:\/\/lavereda.com.mx\/index.php\/2022\/11\/15\/inauguran-exposicion-vesturario-para-la-escena-en-torreon\/\" class=\"more-link\">Leer m\u00e1s<\/a><\/p>\n","protected":false},"author":17,"featured_media":4410,"comment_status":"open","ping_status":"open","sticky":false,"template":"","format":"standard","meta":{"footnotes":""},"categories":[2,18],"tags":[],"class_list":["post-4409","post","type-post","status-publish","format-standard","has-post-thumbnail","hentry","category-artes-escenicas","category-lomasrelevante","entry"],"_links":{"self":[{"href":"https:\/\/lavereda.com.mx\/index.php\/wp-json\/wp\/v2\/posts\/4409","targetHints":{"allow":["GET"]}}],"collection":[{"href":"https:\/\/lavereda.com.mx\/index.php\/wp-json\/wp\/v2\/posts"}],"about":[{"href":"https:\/\/lavereda.com.mx\/index.php\/wp-json\/wp\/v2\/types\/post"}],"author":[{"embeddable":true,"href":"https:\/\/lavereda.com.mx\/index.php\/wp-json\/wp\/v2\/users\/17"}],"replies":[{"embeddable":true,"href":"https:\/\/lavereda.com.mx\/index.php\/wp-json\/wp\/v2\/comments?post=4409"}],"version-history":[{"count":3,"href":"https:\/\/lavereda.com.mx\/index.php\/wp-json\/wp\/v2\/posts\/4409\/revisions"}],"predecessor-version":[{"id":4421,"href":"https:\/\/lavereda.com.mx\/index.php\/wp-json\/wp\/v2\/posts\/4409\/revisions\/4421"}],"wp:featuredmedia":[{"embeddable":true,"href":"https:\/\/lavereda.com.mx\/index.php\/wp-json\/wp\/v2\/media\/4410"}],"wp:attachment":[{"href":"https:\/\/lavereda.com.mx\/index.php\/wp-json\/wp\/v2\/media?parent=4409"}],"wp:term":[{"taxonomy":"category","embeddable":true,"href":"https:\/\/lavereda.com.mx\/index.php\/wp-json\/wp\/v2\/categories?post=4409"},{"taxonomy":"post_tag","embeddable":true,"href":"https:\/\/lavereda.com.mx\/index.php\/wp-json\/wp\/v2\/tags?post=4409"}],"curies":[{"name":"wp","href":"https:\/\/api.w.org\/{rel}","templated":true}]}}