{"id":4400,"date":"2022-11-13T21:03:59","date_gmt":"2022-11-13T21:03:59","guid":{"rendered":"http:\/\/lavereda.com.mx\/?p=4400"},"modified":"2022-11-15T17:47:12","modified_gmt":"2022-11-15T17:47:12","slug":"celsa-y-la-recuperacion-de-la-memoria-historica","status":"publish","type":"post","link":"https:\/\/lavereda.com.mx\/index.php\/2022\/11\/13\/celsa-y-la-recuperacion-de-la-memoria-historica\/","title":{"rendered":"Celsa y la recuperaci\u00f3n de la memoria hist\u00f3rica"},"content":{"rendered":"\n<h4 class=\"wp-block-heading\"><em>En el marco de la 42 Muestra Nacional de Teatro<\/em><\/h4>\n\n\n\n<p>Una puesta en escena que rompe el formato habitual y que lleva al espectador a recrear de cerca historias relacionadas con nuestro pasado y presente, marcado por la violencia, es \u201cCelsa\u201d de la compa\u00f1\u00eda \u201cEn el Surco\u201d bajo la direcci\u00f3n y dramaturgia de la lagunera Martha Ch\u00e1vez, en colaboraci\u00f3n con Patricio Villarreal.<\/p>\n\n\n\n<p>Este trabajo fue presentado el s\u00e1bado y el domingo como parte de la 42 Muestra Nacional de Teatro en Torre\u00f3n, es una de las cuatro obras coahuilenses seleccionadas para este encuentro y una de las ganadoras de la Muestra Estatal de Teatro.<\/p>\n\n\n\n<p>Si algo caracteriza a esta obra es su manera de retar al espectador a sumergirse en las historias, a seguir la l\u00ednea del tiempo como est\u00e1 marcada y a ser personas m\u00e1s activas en el proceso esc\u00e9nico.<\/p>\n\n\n\n<p>La primera funci\u00f3n de Celsa ocurri\u00f3 ayer en la Casa de Cantera. El elenco de la obra invit\u00f3 al p\u00fablico, dividido en cuatro grupos, a presenciar historias ligadas entre s\u00ed y a la vez independientes pero que abordan un hecho especial. Traer a la memoria historias relaciondas con la violencia y un hilo conductor:&nbsp;<\/p>\n\n\n\n<p>El asesinato de Celsa Caballero, a manos de Francisco Villa en tiempos de la revoluci\u00f3n por dos versiones, seg\u00fan la dramaturgia: no haberle entregado al general a su hija o por una deuda econ\u00f3mica que Villa exig\u00eda de manera arbitraria a esta mujer.<\/p>\n\n\n\n<p>No se trata de cualquier personaje de la revoluci\u00f3n, esta mujer Celsa, fue la bisabuela paterna de Martha Ch\u00e1vez, dramaturga y directora de la obra, quien se dedic\u00f3 a investigar el pasado de su familia y este hecho hist\u00f3rico en peri\u00f3dicos, archivos y entrevistas de su propio linaje familiar.<\/p>\n\n\n\n<p>Algo provoca en el espectador el teatro que no hace concesiones, que no repara en traer la verdad al presente, provoca salir de una zona de confort y despertar la conciencia por la recuperaci\u00f3n de la memoria hist\u00f3rica.<\/p>\n\n\n\n<p>Desde el inicio de la obra, el equipo del montaje nos hizo part\u00edcipes al p\u00fablico de cada escena. Al subir a la terraza, donde se presenci\u00f3 una de las cuatro partes del montaje, los actores entregaron al p\u00fablico una fotograf\u00eda impresa con distintas personas y una leyenda en la parte de atr\u00e1s:&nbsp;<\/p>\n\n\n\n<blockquote class=\"wp-block-quote is-layout-flow wp-block-quote-is-layout-flow\"><p>\u201c\u00bfPor qu\u00e9 ser\u00e1 que la acci\u00f3n de recordar es como volver a encender un fuego?\u201d.&nbsp;<\/p><\/blockquote>\n\n\n\n<p>En cada sala donde se desarrollaron las historias, los personajes encend\u00edan un cerillo hasta apagarse en sus propias manos para representar cada vida que se apag\u00f3 en el pasado de manera violenta.<\/p>\n\n\n\n<p>Las historias fueron conmovedoras: una jovencinta narr\u00f3 c\u00f3mo su mejor amiga perdi\u00f3 a su madre en un asesinato producto de la violencia feminicida y en otra escena, un joven cont\u00f3 la vida de su abuelo, ligada al pasado revolucionario y a personajes que participaron en el asesinato de Celsa Caballero.<\/p>\n\n\n\n<p>En otro punto del hecho esc\u00e9nico, la dramaturga Martha Ch\u00e1vez cont\u00f3 la historia de su bisabuela, para llevarnos al final a los espectadores a otro punto donde yace el recuerdo que no quiere morir: el memorial de los desparecidos en La Alameda Zaragoza.<\/p>\n\n\n\n<p><em>Fotos: cortes\u00eda Alejandro Figueroa.<\/em><\/p>\n\n\n\n<figure class=\"wp-block-image size-full\"><img fetchpriority=\"high\" decoding=\"async\" width=\"1000\" height=\"563\" src=\"https:\/\/lavereda.com.mx\/wp-content\/uploads\/2022\/11\/IMG_6715.jpg\" alt=\"\" class=\"wp-image-4404\" srcset=\"https:\/\/lavereda.com.mx\/wp-content\/uploads\/2022\/11\/IMG_6715.jpg 1000w, https:\/\/lavereda.com.mx\/wp-content\/uploads\/2022\/11\/IMG_6715-300x169.jpg 300w, https:\/\/lavereda.com.mx\/wp-content\/uploads\/2022\/11\/IMG_6715-768x432.jpg 768w\" sizes=\"(max-width: 1000px) 100vw, 1000px\" \/><\/figure>\n","protected":false},"excerpt":{"rendered":"<p>En el marco de la 42 Muestra Nacional de Teatro Una puesta en escena que rompe el formato habitual y que lleva al espectador a recrear de cerca historias relacionadas &hellip; <a href=\"https:\/\/lavereda.com.mx\/index.php\/2022\/11\/13\/celsa-y-la-recuperacion-de-la-memoria-historica\/\" class=\"more-link\">Leer m\u00e1s<\/a><\/p>\n","protected":false},"author":9,"featured_media":4403,"comment_status":"open","ping_status":"open","sticky":false,"template":"","format":"standard","meta":{"footnotes":""},"categories":[2,18],"tags":[],"class_list":["post-4400","post","type-post","status-publish","format-standard","has-post-thumbnail","hentry","category-artes-escenicas","category-lomasrelevante","entry"],"_links":{"self":[{"href":"https:\/\/lavereda.com.mx\/index.php\/wp-json\/wp\/v2\/posts\/4400","targetHints":{"allow":["GET"]}}],"collection":[{"href":"https:\/\/lavereda.com.mx\/index.php\/wp-json\/wp\/v2\/posts"}],"about":[{"href":"https:\/\/lavereda.com.mx\/index.php\/wp-json\/wp\/v2\/types\/post"}],"author":[{"embeddable":true,"href":"https:\/\/lavereda.com.mx\/index.php\/wp-json\/wp\/v2\/users\/9"}],"replies":[{"embeddable":true,"href":"https:\/\/lavereda.com.mx\/index.php\/wp-json\/wp\/v2\/comments?post=4400"}],"version-history":[{"count":9,"href":"https:\/\/lavereda.com.mx\/index.php\/wp-json\/wp\/v2\/posts\/4400\/revisions"}],"predecessor-version":[{"id":4429,"href":"https:\/\/lavereda.com.mx\/index.php\/wp-json\/wp\/v2\/posts\/4400\/revisions\/4429"}],"wp:featuredmedia":[{"embeddable":true,"href":"https:\/\/lavereda.com.mx\/index.php\/wp-json\/wp\/v2\/media\/4403"}],"wp:attachment":[{"href":"https:\/\/lavereda.com.mx\/index.php\/wp-json\/wp\/v2\/media?parent=4400"}],"wp:term":[{"taxonomy":"category","embeddable":true,"href":"https:\/\/lavereda.com.mx\/index.php\/wp-json\/wp\/v2\/categories?post=4400"},{"taxonomy":"post_tag","embeddable":true,"href":"https:\/\/lavereda.com.mx\/index.php\/wp-json\/wp\/v2\/tags?post=4400"}],"curies":[{"name":"wp","href":"https:\/\/api.w.org\/{rel}","templated":true}]}}