{"id":4378,"date":"2022-11-09T02:35:32","date_gmt":"2022-11-09T02:35:32","guid":{"rendered":"http:\/\/lavereda.com.mx\/?p=4378"},"modified":"2022-11-10T02:15:57","modified_gmt":"2022-11-10T02:15:57","slug":"la-mnt-presentara-los-encuentros-de-reflexion-e-intercambio-escenico-en-torreon","status":"publish","type":"post","link":"https:\/\/lavereda.com.mx\/index.php\/2022\/11\/09\/la-mnt-presentara-los-encuentros-de-reflexion-e-intercambio-escenico-en-torreon\/","title":{"rendered":"La MNT presentar\u00e1 los Encuentros de Reflexi\u00f3n e Intercambio esc\u00e9nico en Torre\u00f3n"},"content":{"rendered":"\n<p>Dentro de la 42 Muestra Nacional de Teatro, entre el 11 y el 18 de noviembre se llevar\u00e1n a cabo las \u201cExperiencias ERI\u201d, acr\u00f3nimo de Encuentro de Reflexi\u00f3n e Intercambio en la ciudad de Torre\u00f3n.<\/p>\n\n\n\n<blockquote class=\"wp-block-quote is-layout-flow wp-block-quote-is-layout-flow\"><p>\u201cEste ser\u00e1 un espacio para conjuntar saberes del teatro con el entorno de Coahuila y con otros \u00e1mbitos y disciplinas, reconociendo esos teatros que movilizan nuestras nociones del mundo, los que est\u00e1n presentes en la ciencia, el activismo, las nuevas tecnolog\u00edas, la arquitectura y el urbanismo, la diversidad de pr\u00e1cticas culturales de poblaciones y comunidades urbanas, ind\u00edgenas, afromexicanas, etc., con el objetivo de generar di\u00e1logo y conocimiento\u201d, dijo Ana Sof\u00eda Garc\u00eda Camil, secretaria de cultura en Coahuila.<\/p><\/blockquote>\n\n\n\n<p>Los ERI tendr\u00e1n lugar los d\u00edas viernes 11 de noviembre a las 10:00 horas en la&nbsp; Plaza Mayor, con la tem\u00e1tica \u201cCoordenadas de la Urgencia\u201d, en la que participan integrantes de las obras \u201cFlores Rojas\u201d y \u201cSabueso\u201d.&nbsp;<\/p>\n\n\n\n<p>\u201cSon las teatralidades cuyos desbordamientos hacia la pol\u00edtica y el activismo nos permiten enunciar aquello que no puede ser normalizado. Nos convocan a mirar las heridas que tienen que ser atendidas para detonar el poder del cambio colectivo\u201d.&nbsp;<\/p>\n\n\n\n<p>\u201cEn estas coordenadas, las pr\u00e1cticas esc\u00e9nicas forman un cuerpo con las luchas, al ser una maquinaria art\u00edstico-pol\u00edtica que permite la posibilidad de reescribir la historia mediante la participaci\u00f3n en la realidad mexicana\u201d.<\/p>\n\n\n\n<p>S\u00e1bado 12 de noviembre, a las 10:00 horas en la Casa de Cantera, con el tema \u201cCoordenadas del Territorio\u201d, en la que participan integrantes de las experiencias \u201cCiclo II: obra negra o de c\u00f3mo las casas vac\u00edas evocan presencias\u201d y \u201cPostales al r\u00edo. Archivos + Paisaje\u201d. Lo situado desde y en relaci\u00f3n con el cuerpo, la cultura local, la vida social, las relaciones entre el entorno y las problem\u00e1ticas locales. El tiempo concreto. Lo que te moviliza al tener una afectaci\u00f3n del entorno.<\/p>\n\n\n\n<p>Martes 15 de noviembre, a las 10:00 horas en la Casa de Cantera, \u201cCoordenadas del G\u00e9nero\u201d, con la participaci\u00f3n de integrantes de las experiencias \u201cMujeres en voz alta\u201d y \u201cYa no somos invisibles\u201d. Son espacios para compartir la cotidianidad, el gozo y la responsabilidad con el entorno, en los que se cuestionan las narrativas de g\u00e9nero establecidas, no s\u00f3lo desde las pr\u00e1cticas sociales, culturales y pol\u00edticas, sino tambi\u00e9n desde las art\u00edsticas.&nbsp;<\/p>\n\n\n\n<p>En esta coordenada hay un arrojo que invita a atrevernos a construir una vida desde otros parajes, que impulsa a encontrar formas diferentes de relacionarnos, de vivir el amor, la alegr\u00eda y el disenso.<\/p>\n\n\n\n<p>Jueves 17 de noviembre, a las 10:00 horas en el Colegio Americano de Torre\u00f3n, \u201cCoordenadas de la Memoria en Resistencia\u201d, en este participan integrantes de la \u201cExperiencia Fantasmas\u201d, manifestaciones y otras formas de presencia y de las obras \u201cRelato\u201d y \u201cSiempre estoy\u201d. \u00bfSe puede extra\u00f1ar a alguien que no conoces? Espacio hist\u00f3rico, social, personal, pol\u00edtico.&nbsp;<\/p>\n\n\n\n<p>Reconocer momentos hist\u00f3ricos en su actualizaci\u00f3n, es tensionar fuerzas, la memoria es agencia y conciencia cuando irrumpe el presente.<\/p>\n\n\n\n<p>Viernes 18 de noviembre, a las 10:00 horas en Casa de Cantera, \u201cCoordenadas por Imaginar\u201d, en las que participan integrantes de las obras \u201cTodos somos Braian y Quinces\u201d. Una coordenada para compartir teatralidades para las infancias. Piezas que se construyen sobre la complejidad, la belleza y la incesante b\u00fasqueda de nuevas preguntas que miren hacia el futuro.<\/p>\n\n\n\n<p>Dentro de los ERI se presentar\u00e1n: \u201cEl&nbsp; Ciclo II: Obra negra o c\u00f3mo las casas vac\u00edas evocan presencias (Hidalgo)\u201d, con autor\u00eda y direcci\u00f3n de Shannen Islas y en la que participan habitantes de las colonias El Calvario, La Capilla y El Frutillal en el Arenal, Hidalgo.&nbsp;<\/p>\n\n\n\n<p>Se trata de&nbsp; una propuesta de intervenci\u00f3n en un sitio espec\u00edfico que dialoga con las y los habitantes, espacios y memorias del Municipio del Arenal, Hidalgo, que pretende instaurar una interacci\u00f3n con el fen\u00f3meno social de la migraci\u00f3n.<\/p>\n\n\n\n<p>\u201cFantasmas, manifestaciones y otras formas de presencia (CDMX)\u201d, con autor\u00eda y direcci\u00f3n de Cuauht\u00e9moc Lara Razo y Rafael Paz Camacho. Esta es una conferencia performativa y participativa, donde a trav\u00e9s de un ejercicio de archivo abierto se reflexionar\u00e1 en las potencias que propone la memoria para construir identidad y generar sentido al presente mediante la observaci\u00f3n del pasado.<\/p>\n\n\n\n<p>\u201cMujeres en voz alta\u201d (CDMX), con textos de Gabriela Guraieb y Carla Torres Dan\u00e9s, y que contar\u00e1 con las conferencistas: Faviola Llamas, Michelle Men\u00e9ndez, Susana Melendez, Karla S\u00e1nchez Kiwi y Michelle Ayala.&nbsp;<\/p>\n\n\n\n<p>En esta actividad, integrantes de la Colectiva Tejiendo Redes dar\u00e1n voz a dramaturgias que abordan temas de g\u00e9nero que se han presentado en su Red de Lecturas Dramatizadas.&nbsp;<\/p>\n\n\n\n<p>El feminicidio, la exigencia de ser mujer y la amistad se dialogan e intervienen con notas de prensa y la opini\u00f3n de quien acompa\u00f1a la conferencia.&nbsp;<\/p>\n\n\n\n<p>Se trata de abrir un espacio para interpelar abiertamente y construir una experiencia colectiva de g\u00e9nero.<\/p>\n\n\n\n<p>\u201cPostales al r\u00edo. Archivo + Paisaje\u201d (Hidalgo), con investigaci\u00f3n, creaci\u00f3n y direcci\u00f3n de Francisco Arrieta y Gisela Cort\u00e9s, adem\u00e1s de M\u00fasica en vivo del Ensamble de Metales de la Orquesta Filarm\u00f3nica de Pachuca.&nbsp;<\/p>\n\n\n\n<p>Relata el encuentro entre una mujer y un hombre que caminan por las calles cercanas al r\u00edo de las avenidas de la Ciudad de Pachuca junto a cinco m\u00fasicos que tocan instrumentos de viento. Llegan a la plaza p\u00fablica y despliegan un archivo: objetos, im\u00e1genes y audios que cuentan la historia de este cuerpo de agua e invitan a las y los espectadores a escribirle una postal al r\u00edo.<\/p>\n\n\n\n<p>\u201cYa no somos invisibles\u201d (Yucat\u00e1n), con autor\u00eda y direcci\u00f3n de Liliana Hesant. A partir de la puesta en escena Caminantes, hacia el encuentro naci\u00f3 la iniciativa Ya no somos invisibles, agrupaci\u00f3n de naturaleza c\u00edvica, plural y apartidista, constituida por mujeres provenientes de m\u00faltiples profesiones a favor de la reivindicaci\u00f3n hist\u00f3rica de las mujeres, que busca seguir caminando juntas hacia el encuentro para decir, firme y claro, que ya no son invisibles.<\/p>\n","protected":false},"excerpt":{"rendered":"<p>Dentro de la 42 Muestra Nacional de Teatro, entre el 11 y el 18 de noviembre se llevar\u00e1n a cabo las \u201cExperiencias ERI\u201d, acr\u00f3nimo de Encuentro de Reflexi\u00f3n e Intercambio &hellip; <a href=\"https:\/\/lavereda.com.mx\/index.php\/2022\/11\/09\/la-mnt-presentara-los-encuentros-de-reflexion-e-intercambio-escenico-en-torreon\/\" class=\"more-link\">Leer m\u00e1s<\/a><\/p>\n","protected":false},"author":1,"featured_media":4380,"comment_status":"open","ping_status":"open","sticky":false,"template":"","format":"standard","meta":{"footnotes":""},"categories":[2,18],"tags":[19,36,30],"class_list":["post-4378","post","type-post","status-publish","format-standard","has-post-thumbnail","hentry","category-artes-escenicas","category-lomasrelevante","tag-19","tag-teatro","tag-torreon","entry"],"_links":{"self":[{"href":"https:\/\/lavereda.com.mx\/index.php\/wp-json\/wp\/v2\/posts\/4378","targetHints":{"allow":["GET"]}}],"collection":[{"href":"https:\/\/lavereda.com.mx\/index.php\/wp-json\/wp\/v2\/posts"}],"about":[{"href":"https:\/\/lavereda.com.mx\/index.php\/wp-json\/wp\/v2\/types\/post"}],"author":[{"embeddable":true,"href":"https:\/\/lavereda.com.mx\/index.php\/wp-json\/wp\/v2\/users\/1"}],"replies":[{"embeddable":true,"href":"https:\/\/lavereda.com.mx\/index.php\/wp-json\/wp\/v2\/comments?post=4378"}],"version-history":[{"count":2,"href":"https:\/\/lavereda.com.mx\/index.php\/wp-json\/wp\/v2\/posts\/4378\/revisions"}],"predecessor-version":[{"id":4382,"href":"https:\/\/lavereda.com.mx\/index.php\/wp-json\/wp\/v2\/posts\/4378\/revisions\/4382"}],"wp:featuredmedia":[{"embeddable":true,"href":"https:\/\/lavereda.com.mx\/index.php\/wp-json\/wp\/v2\/media\/4380"}],"wp:attachment":[{"href":"https:\/\/lavereda.com.mx\/index.php\/wp-json\/wp\/v2\/media?parent=4378"}],"wp:term":[{"taxonomy":"category","embeddable":true,"href":"https:\/\/lavereda.com.mx\/index.php\/wp-json\/wp\/v2\/categories?post=4378"},{"taxonomy":"post_tag","embeddable":true,"href":"https:\/\/lavereda.com.mx\/index.php\/wp-json\/wp\/v2\/tags?post=4378"}],"curies":[{"name":"wp","href":"https:\/\/api.w.org\/{rel}","templated":true}]}}