{"id":437,"date":"2020-08-16T18:13:56","date_gmt":"2020-08-16T18:13:56","guid":{"rendered":"https:\/\/web.lavereda.com.mx\/?p=437"},"modified":"2020-08-18T00:17:37","modified_gmt":"2020-08-18T00:17:37","slug":"casamientos-en-cuarententa-es-ahora-o-nunca","status":"publish","type":"post","link":"https:\/\/lavereda.com.mx\/index.php\/2020\/08\/16\/casamientos-en-cuarententa-es-ahora-o-nunca\/","title":{"rendered":"Casamientos en cuarententa \u00bfEs ahora o nunca?"},"content":{"rendered":"\n<p><strong><em>Que todas las noches, sean noches de boda.&nbsp;<br><\/em><\/strong><strong><em>Que todas las lunas sean lunas de miel\u201d<br><\/em><\/strong><strong><em>J. Sabina<\/em><\/strong><\/p>\n\n\n\n<p>\u201cNo s\u00e9 si la fecha se cumpla, dentro de m\u00ed, trato de confiar, pero trato de ser realista, y no lo s\u00e9\u201d, comparte Paulina, joven de Torre\u00f3n quien una semana antes de su boda; planeada para el 28 de marzo decidi\u00f3 cancelar. Ha pospuesto todo para el 24 de julio, todos los d\u00edas se pregunta si el enlace se cumplir\u00e1 o no en esa fecha.<\/p>\n\n\n\n<p>La epidemia del Coronavirus ha afectado a alrededor de 30% de las bodas en M\u00e9xico, seg\u00fan portales de internet como Infoabe. Pero hay otros que calculan que la cifra ser\u00e1 mayor. La mayor\u00eda de las parejas ha decidido esperar, otras han hecho solo la boda civil o incluso hay quienes se han casado en una iglesia casi completamente vac\u00eda.&nbsp;<\/p>\n\n\n\n<p><strong>Paulina<\/strong><\/p>\n\n\n\n<p>\u201cNuestra boda iba a ser en G\u00f3mez Palacio y una semana antes, fue cuando ya dieron aviso las autoridades que quedaban suspendidos todos los permisos. Mi novio y yo est\u00e1bamos esperando hasta el \u00faltimo momento a ver si la libr\u00e1bamos\u2026pero una semana a antes, de plano tuvimos que cancelar todo\u201d.<\/p>\n\n\n\n<blockquote class=\"wp-block-quote is-layout-flow wp-block-quote-is-layout-flow\"><p>Esto le hizo sentir \u201cmucha frustraci\u00f3n, porque ya tienes todo planeado, solo ten\u00edamos que ba\u00f1arnos, cambiarnos y llegar a casarnos, mis amigas me dec\u00edan que no pasa nada, pero no saben lo que hay detr\u00e1s porque eran muchos proveedores, comida, sal\u00f3n, snacks, la iglesia, la m\u00fasica\u2026. Para que todo volviera coincidir en una sola fecha era muy dif\u00edcil\u201d, comparti\u00f3 Paulina, quien por fortuna no ha tenido que gastar m\u00e1s por posponer su boda, porque las proveedores han comprendido que es una crisis mundial.<\/p><\/blockquote>\n\n\n\n<p>\u201cS\u00ed contemplamos casarnos en medio de la pandemia, por el civil y en el jard\u00edn de mi casa, pero ya ten\u00edamos todo pagado, decidimos que nos podemos esperar\u201d, finaliz\u00f3.<\/p>\n\n\n\n<p><strong>Maribel y Jaime<\/strong><\/p>\n\n\n\n<p>\u201cPrimero vivimos mucha angustia e incertidumbre por la pandemia y frustraci\u00f3n por los planes que ten\u00edamos.&nbsp; Sobre todo la incertidumbre de saber si era posible, cu\u00e1nto tiempo iba a durar esto, si la familia y amigos de fuera iban a poder venir. Mi \u00fanica hermana vive en el extranjero\u201d.<\/p>\n\n\n\n<p>Esta pareja de Torre\u00f3n ten\u00eda fecha nupcial para el s\u00e1bado 13 de junio. Civil, iglesia y fiesta en un jard\u00edn, despu\u00e9s de reflexionarlo aceptaron posponer:<\/p>\n\n\n\n<p>\u201cNosotros ten\u00edamos la esperanza de poder hacer todo como lo planeado. Pero los amigos y la familia, sin quererlo, con preguntas y comentarios con toda la buena intenci\u00f3n, provocaban dudas (y algo de presi\u00f3n) pero nos hac\u00edan ponernos nerviosos e inquietos y a dudar\u201d.<\/p>\n\n\n\n<p>Ellos lo han tomado con calma y decidieron esperar:<\/p>\n\n\n\n<blockquote class=\"wp-block-quote is-layout-flow wp-block-quote-is-layout-flow\"><p>&nbsp;\u201cDecidimos al final no estresarnos y esperar que pasara el tiempo e ir decidiendo sobre la marcha, con las noticias e informaci\u00f3n de las autoridades. \u00a1Al final est\u00e1bamos muy relajados y hasta nos re\u00edamos de que por fin nos aventamos para casarnos y se viene todo esto!\u201d.<\/p><\/blockquote>\n\n\n\n<p>Ambos contemplaron casarse en medio de la cuarentena \u201csabiendo que iba a ser muy diferente a lo planeado, pero quer\u00edamos compartir ese d\u00eda tan especial con toda la gente que nos quiere y cancelamos esa idea\u201d. Su boda ha sido programada para el 21 de noviembre de este a\u00f1o y reflexionaron: \u201cestamos s\u00faper contentos y felices con la nueva fecha. Hasta pensamos que est\u00e1 mejor que la original\u201d.<\/p>\n\n\n\n<p><strong>Rebeca<\/strong><\/p>\n\n\n\n<p>A diferencia de los dos casos anteriores, Rebeca, una joven de Ciudad Ju\u00e1rez decidi\u00f3 posponer su boda para el 2021. La fecha planeada era el 2 de octubre del presente a\u00f1o. Tomaron esta decisi\u00f3n por el riesgo de que la mayor\u00eda de sus familiares no pudieran viajar este a\u00f1o.<\/p>\n\n\n\n<blockquote class=\"wp-block-quote is-layout-flow wp-block-quote-is-layout-flow\"><p>&nbsp;\u201cPara mi y para mi esposo (nos casamos por el civil el 18 de febrero de este a\u00f1o) fue perder la ilusi\u00f3n de festejar con nuestra familia y amigos. Ahora vemos el lado positivo de la cuarentena, que es pasar mucho m\u00e1s tiempo juntos, a que si fueran d\u00edas ordinarios\u201d.<\/p><\/blockquote>\n\n\n\n<p>\u00abNuestros familiares al igual que nosotros lamentan el hecho de que tengamos que esperar un a\u00f1o m\u00e1s, \u00a1pero tenemos la seguridad que para esa fecha vamos a poder festejar en grande! Lo importante es que estamos todos bien y con paciencia se vendr\u00e1n cosas mejores.\u00bb<\/p>\n\n\n\n<p>A esta pareja el cambio de planes les gener\u00f3 un incremento de 30% en los gastos por el lugar de la fiesta y esperan m\u00e1s aumentos, ya que es una fecha pr\u00f3xima al 10 de mayo del 2021. &nbsp;<\/p>\n\n\n\n<figure class=\"wp-block-image size-large\"><img fetchpriority=\"high\" decoding=\"async\" width=\"674\" height=\"317\" src=\"https:\/\/web.lavereda.com.mx\/wp-content\/uploads\/2020\/08\/coronavirus-5088470_1280.jpg\" alt=\"\" class=\"wp-image-438\" srcset=\"https:\/\/lavereda.com.mx\/wp-content\/uploads\/2020\/08\/coronavirus-5088470_1280.jpg 674w, https:\/\/lavereda.com.mx\/wp-content\/uploads\/2020\/08\/coronavirus-5088470_1280-300x141.jpg 300w\" sizes=\"(max-width: 674px) 100vw, 674px\" \/><\/figure>\n\n\n\n<p><strong>Ana y Ra\u00fal<\/strong><\/p>\n\n\n\n<p>Casarse no siempre significa una fiesta a lo grande, iglesia, recuerdos y viajes. En ocasiones casarse, adem\u00e1s de ser un acto de amor es a la vez necesario y seguro.&nbsp;<\/p>\n\n\n\n<p>Ana y Ra\u00fal ya viv\u00edan juntos y al nacer su segunda hija, el seguro m\u00e9dico de \u00e9l no cubri\u00f3 la hospitalizaci\u00f3n de ella, por no haber un papel de por medio que comprobara su uni\u00f3n.&nbsp;<\/p>\n\n\n\n<p>La beb\u00e9 naci\u00f3 en tiempos de coronavirus, los gastos fueron mayores a lo planeado y aunque en t\u00e9rminos de salud todo sali\u00f3 bien, decidieron reservar en el mes de mayo su enlace en el registro civil m\u00e1s cercano a su casa, en el estado de Nuevo Le\u00f3n.<\/p>\n\n\n\n<p>La cuarentena, el tiempo juntos en casa, les hizo reflexionar en la importancia de estar unidos para planear mejor su vida en pareja. Su boda civil solo cont\u00f3 con la presencia de sus testigos, flores, gel anti bacterial y cubre bocas para todos. Sin embargo, ellos aseguran que el festejo en grande vendr\u00e1 despu\u00e9s.<\/p>\n\n\n\n<p><strong><em>\u201cQue el coraz\u00f3n no se pase de moda, que los oto\u00f1os te doren la piel\u201d.<\/em><\/strong><\/p>\n","protected":false},"excerpt":{"rendered":"<p>\u201cNo s\u00e9 si la fecha se cumpla, dentro de m\u00ed, trato de confiar, pero trato de ser realista, y no lo s\u00e9\u201d, comparte Paulina, joven de Torre\u00f3n quien una semana antes de su boda; planeada para el 28 de marzo decidi\u00f3 cancelar. Ha pospuesto todo para el 24 de julio, todos los d\u00edas se pregunta si el enlace se cumplir\u00e1 o no en esa fecha.<\/p>\n","protected":false},"author":9,"featured_media":439,"comment_status":"open","ping_status":"open","sticky":false,"template":"","format":"standard","meta":{"footnotes":""},"categories":[18,8],"tags":[],"class_list":["post-437","post","type-post","status-publish","format-standard","has-post-thumbnail","hentry","category-lomasrelevante","category-sociedad","entry"],"_links":{"self":[{"href":"https:\/\/lavereda.com.mx\/index.php\/wp-json\/wp\/v2\/posts\/437","targetHints":{"allow":["GET"]}}],"collection":[{"href":"https:\/\/lavereda.com.mx\/index.php\/wp-json\/wp\/v2\/posts"}],"about":[{"href":"https:\/\/lavereda.com.mx\/index.php\/wp-json\/wp\/v2\/types\/post"}],"author":[{"embeddable":true,"href":"https:\/\/lavereda.com.mx\/index.php\/wp-json\/wp\/v2\/users\/9"}],"replies":[{"embeddable":true,"href":"https:\/\/lavereda.com.mx\/index.php\/wp-json\/wp\/v2\/comments?post=437"}],"version-history":[{"count":2,"href":"https:\/\/lavereda.com.mx\/index.php\/wp-json\/wp\/v2\/posts\/437\/revisions"}],"predecessor-version":[{"id":469,"href":"https:\/\/lavereda.com.mx\/index.php\/wp-json\/wp\/v2\/posts\/437\/revisions\/469"}],"wp:featuredmedia":[{"embeddable":true,"href":"https:\/\/lavereda.com.mx\/index.php\/wp-json\/wp\/v2\/media\/439"}],"wp:attachment":[{"href":"https:\/\/lavereda.com.mx\/index.php\/wp-json\/wp\/v2\/media?parent=437"}],"wp:term":[{"taxonomy":"category","embeddable":true,"href":"https:\/\/lavereda.com.mx\/index.php\/wp-json\/wp\/v2\/categories?post=437"},{"taxonomy":"post_tag","embeddable":true,"href":"https:\/\/lavereda.com.mx\/index.php\/wp-json\/wp\/v2\/tags?post=437"}],"curies":[{"name":"wp","href":"https:\/\/api.w.org\/{rel}","templated":true}]}}