{"id":4366,"date":"2022-11-06T17:40:14","date_gmt":"2022-11-06T17:40:14","guid":{"rendered":"http:\/\/lavereda.com.mx\/?p=4366"},"modified":"2022-11-06T17:40:15","modified_gmt":"2022-11-06T17:40:15","slug":"a-la-hora-del-cafe-7","status":"publish","type":"post","link":"https:\/\/lavereda.com.mx\/index.php\/2022\/11\/06\/a-la-hora-del-cafe-7\/","title":{"rendered":"A la hora del Caf\u00e9"},"content":{"rendered":"\n<h2 class=\"wp-block-heading\"><strong>Homenaje a Rogelio Lu\u00e9vano en la 42 MNT en Torre\u00f3n<\/strong><\/h2>\n\n\n\n<p>Del 10 al 19 de noviembre Torre\u00f3n ser\u00e1 la sede de la 42 Muestra Nacional de Teatro, en la que se presentar\u00e1n 32 puestas en escena, cuatro de ellas coahuilenses en decenas de espacios como teatros, auditorios, centros culturales y sitios al aire libre. Es la mayor fiesta teatral del pa\u00eds, que por primera vez llega hasta nuestra ciudad.<\/p>\n\n\n\n<p>Desde hace d\u00e9cadas Torre\u00f3n es semillero de talentos teatrales, es una ciudad con una actividad esc\u00e9nica boyante, con diversas propuestas y nivel de preparaci\u00f3n, pero, a fin de cuentas, una ciudad con vida teatral muy intensa. Como se ha dicho en otras ocasiones en esta revista digital, cada fin de semana se presenta alguna obra en la ciudad y en la regi\u00f3n lagunera.<\/p>\n\n\n\n<p>La programaci\u00f3n de la 42 MNT es diversa y pas\u00f3 por un proceso de selecci\u00f3n muy minucioso. Las instancias involucradas pronto dar\u00e1n a conocer la cartelera completa, que arranca el pr\u00f3ximo jueves con la inauguraci\u00f3n a las 19:00 horas en el Teatro Isauro Mart\u00ednez.<\/p>\n\n\n\n<p>De manera especial, llama la atenci\u00f3n el merecido homenaje que se realizar\u00e1 al maestro Rogelio Lu\u00e9vano el pr\u00f3ximo 19 de noviembre a las 11:00 horas en el Centro Cultural Casa Mud\u00e9jar. El maestro Lu\u00e9vano falleci\u00f3 en 2004, y desde entonces no se le hab\u00eda hecho un justo reconocimiento, excepto el que se realiz\u00f3 por parte de la Universidad Aut\u00f3noma de Coahuila en la Facultad de Contadur\u00eda y Administraci\u00f3n a mediados de este a\u00f1o, pero del que muy poca gente de la comunidad teatral se enter\u00f3.<\/p>\n\n\n\n<p>Rogelio Lu\u00e9vano&nbsp;fue director del taller y la compa\u00f1\u00eda de Teatro Universitario de la Universidad Aut\u00f3noma de Coahuila y&nbsp;maestro del Centro Universitario de Teatro de la Universidad Nacional Aut\u00f3noma de M\u00e9xico. Form\u00f3 a toda una generaci\u00f3n de actrices y actores tanto en Torre\u00f3n como en la Ciudad de M\u00e9xico, con una mirada muy comprometida hacia el arte dram\u00e1tico, como pocas veces se ha visto en nuestra regi\u00f3n.<\/p>\n\n\n\n<p>Otra figura teatral que deber\u00eda ser recordada durante este encuentro es el maestro Jorge M\u00e9ndez, fallecido en el 2010, sin duda un director tambi\u00e9n con un enfoque cr\u00edtico, con una mirada teatral que cuestionaba problemas sociales y provocaba pol\u00e9mica hacia temas sensibles de nuestra humanidad. Por fortuna, el Teatro de C\u00e1mara del Centro Cultural Jos\u00e9 R. Mijares lleva su nombre.<\/p>\n\n\n\n<p>Hay una larga lista de personajes de nuestra historia teatral que vienen a la memoria, a ra\u00edz de que Torre\u00f3n ser\u00e1 sede de la 42 MNT. Con este pretexto, es una buena ocasi\u00f3n ahora para revalorar y recordar que hemos vivido \u00e9pocas de gran trayectoria y compromiso hacia el teatro y la cultura en general. Es necesario que parte de estos br\u00edos se vuelvan a vivir y se siga promoviendo la creaci\u00f3n esc\u00e9nica y su profesionalizaci\u00f3n aqu\u00ed, porque talento hay y bastante.<\/p>\n\n\n\n<p><em>Foto: Rogelio Lu\u00e9vano (Facebook).<\/em><\/p>\n\n\n\n<p>Twitter: @Lavargasadri<\/p>\n","protected":false},"excerpt":{"rendered":"<p>Homenaje a Rogelio Lu\u00e9vano en la 42 MNT en Torre\u00f3n Del 10 al 19 de noviembre Torre\u00f3n ser\u00e1 la sede de la 42 Muestra Nacional de Teatro, en la que &hellip; <a href=\"https:\/\/lavereda.com.mx\/index.php\/2022\/11\/06\/a-la-hora-del-cafe-7\/\" class=\"more-link\">Leer m\u00e1s<\/a><\/p>\n","protected":false},"author":9,"featured_media":4367,"comment_status":"open","ping_status":"open","sticky":false,"template":"","format":"standard","meta":{"footnotes":""},"categories":[2,18,9],"tags":[19,36,30],"class_list":["post-4366","post","type-post","status-publish","format-standard","has-post-thumbnail","hentry","category-artes-escenicas","category-lomasrelevante","category-opinion","tag-19","tag-teatro","tag-torreon","entry"],"_links":{"self":[{"href":"https:\/\/lavereda.com.mx\/index.php\/wp-json\/wp\/v2\/posts\/4366","targetHints":{"allow":["GET"]}}],"collection":[{"href":"https:\/\/lavereda.com.mx\/index.php\/wp-json\/wp\/v2\/posts"}],"about":[{"href":"https:\/\/lavereda.com.mx\/index.php\/wp-json\/wp\/v2\/types\/post"}],"author":[{"embeddable":true,"href":"https:\/\/lavereda.com.mx\/index.php\/wp-json\/wp\/v2\/users\/9"}],"replies":[{"embeddable":true,"href":"https:\/\/lavereda.com.mx\/index.php\/wp-json\/wp\/v2\/comments?post=4366"}],"version-history":[{"count":1,"href":"https:\/\/lavereda.com.mx\/index.php\/wp-json\/wp\/v2\/posts\/4366\/revisions"}],"predecessor-version":[{"id":4368,"href":"https:\/\/lavereda.com.mx\/index.php\/wp-json\/wp\/v2\/posts\/4366\/revisions\/4368"}],"wp:featuredmedia":[{"embeddable":true,"href":"https:\/\/lavereda.com.mx\/index.php\/wp-json\/wp\/v2\/media\/4367"}],"wp:attachment":[{"href":"https:\/\/lavereda.com.mx\/index.php\/wp-json\/wp\/v2\/media?parent=4366"}],"wp:term":[{"taxonomy":"category","embeddable":true,"href":"https:\/\/lavereda.com.mx\/index.php\/wp-json\/wp\/v2\/categories?post=4366"},{"taxonomy":"post_tag","embeddable":true,"href":"https:\/\/lavereda.com.mx\/index.php\/wp-json\/wp\/v2\/tags?post=4366"}],"curies":[{"name":"wp","href":"https:\/\/api.w.org\/{rel}","templated":true}]}}