{"id":4356,"date":"2022-11-04T00:46:48","date_gmt":"2022-11-04T00:46:48","guid":{"rendered":"http:\/\/lavereda.com.mx\/?p=4356"},"modified":"2022-11-04T02:28:18","modified_gmt":"2022-11-04T02:28:18","slug":"egmont-de-ludwig-van-beethoven-por-camerata-de-coahuila","status":"publish","type":"post","link":"https:\/\/lavereda.com.mx\/index.php\/2022\/11\/04\/egmont-de-ludwig-van-beethoven-por-camerata-de-coahuila\/","title":{"rendered":"\u00abEgmont\u00bb de Ludwig van Beethoven sonar\u00e1 con Camerata de Coahuila"},"content":{"rendered":"\n<p>El Festival Internacional Cervantino llegar\u00e1 a Torre\u00f3n con Egmont de Beethoven, interpretada por Camerata de Coahuila.<\/p>\n\n\n\n<p>En el a\u00f1o 1809 Ludwig van Beethoven compuso la obertura y la m\u00fasica secundaria de la tr\u00e1gica obra de Wolfgang von Goethe, Egmont. Goethe, el Shakespeare de la literatura alemana y el principal intelectual de su tiempo, fue uno de los h\u00e9roes personales de Beethoven.&nbsp;<\/p>\n\n\n\n<p>Ahora bien, el Conde Egmont es un personaje hist\u00f3rico del siglo XVI que sirvi\u00f3 en los Pa\u00edses Bajos bajo el rey Felipe II de Espa\u00f1a. Es leal a la corona y a la religi\u00f3n cat\u00f3lica, pero defiende la tolerancia hacia los protestantes y otros no cat\u00f3licos. Egmont es atrapado y encarcelado, a trav\u00e9s de todo un cl\u00edmax, Goethe indica que la obra termina con una \u201cSinfon\u00eda de la Victoria\u201d.<\/p>\n\n\n\n<figure class=\"wp-block-image size-full\"><img fetchpriority=\"high\" decoding=\"async\" width=\"1000\" height=\"666\" src=\"https:\/\/lavereda.com.mx\/wp-content\/uploads\/2022\/11\/WhatsApp-Image-2022-11-03-at-4.15.10-PM.jpeg\" alt=\"\" class=\"wp-image-4358\" srcset=\"https:\/\/lavereda.com.mx\/wp-content\/uploads\/2022\/11\/WhatsApp-Image-2022-11-03-at-4.15.10-PM.jpeg 1000w, https:\/\/lavereda.com.mx\/wp-content\/uploads\/2022\/11\/WhatsApp-Image-2022-11-03-at-4.15.10-PM-300x200.jpeg 300w, https:\/\/lavereda.com.mx\/wp-content\/uploads\/2022\/11\/WhatsApp-Image-2022-11-03-at-4.15.10-PM-768x511.jpeg 768w\" sizes=\"(max-width: 1000px) 100vw, 1000px\" \/><\/figure>\n\n\n\n<p>Egmont de Beethoven es una adaptaci\u00f3n original en espa\u00f1ol para la Camerata de Coahuila, escrita por el dramaturgo Rodrigo V\u00e1zquez Maya.<\/p>\n\n\n\n<p>El director de este concierto es el maestro Ram\u00f3n Shade y cuenta con la destacada participaci\u00f3n del dramaturgo mexicano Claudio Vald\u00e9s Kuri, como narrador, quien es reconocido a nivel internacional, pues fund\u00f3 y actualmente dirige la compa\u00f1\u00eda interdisciplinaria Teatro de Ciertos Habitantes. Tambi\u00e9n ha dirigido \u00f3pera y espect\u00e1culos importantes, presentando sus creaciones en m\u00e1s de 200 ciudades en los cinco continentes.<\/p>\n\n\n\n<p>Es miembro del Sistema Nacional de Creadores de Arte y la publicaci\u00f3n L\u00edderes Mexicanos lo ha reconocido como uno de los 300 l\u00edderes m\u00e1s influyentes de nuestro pa\u00eds.<\/p>\n\n\n\n<p>Por otro lado est\u00e1 la destacada soprano saltillense, Alejandra L\u00f3pez-Fuentes. Anteriormente fue miembro del Taller de \u00d3pera de Sinaloa del 2011 a 2013, donde continu\u00f3 sus estudios con el reconocido bar\u00edtono puertorrique\u00f1o Carlos Serrano.<\/p>\n\n\n\n<p>L\u00f3pez-Fuentes ha sido ganadora de diversos premios y concursos, entre los que destacan el Primer lugar, el premio Coahuila del VI Concurso Internacional de Canto Sinaloa 2014 y el premio \u00d3pera de Oaxaca 2014, al igual que se ha presentado en diversos festivales y escenarios de la Rep\u00fablica Mexicana, Estados Unidos y Cuba, destacando entre ellos, el Palacio de Bellas Artes, donde realiz\u00f3 su debut en el a\u00f1o 2015.<\/p>\n\n\n\n<p>El costo de los boletos es planta baja $250.00, Mezzanine $200.00 y Galer\u00eda $120.00, los cuales pueden ser adquiridos en la plataforma digital de NewTicket, y en taquillas del teatro el d\u00eda.<\/p>\n\n\n\n<p>La cita es este viernes 04 de noviembre en punto de las 20:30 hrs. Y el Domingo 06 de noviembre a las 12:00 hrs. En el Teatro Isauro Mart\u00ednez.<\/p>\n","protected":false},"excerpt":{"rendered":"<p>El Festival Internacional Cervantino llegar\u00e1 a Torre\u00f3n con Egmont de Beethoven, interpretada por Camerata de Coahuila. En el a\u00f1o 1809 Ludwig van Beethoven compuso la obertura y la m\u00fasica secundaria &hellip; <a href=\"https:\/\/lavereda.com.mx\/index.php\/2022\/11\/04\/egmont-de-ludwig-van-beethoven-por-camerata-de-coahuila\/\" class=\"more-link\">Leer m\u00e1s<\/a><\/p>\n","protected":false},"author":17,"featured_media":4357,"comment_status":"open","ping_status":"open","sticky":false,"template":"","format":"standard","meta":{"footnotes":""},"categories":[2,18,4],"tags":[],"class_list":["post-4356","post","type-post","status-publish","format-standard","has-post-thumbnail","hentry","category-artes-escenicas","category-lomasrelevante","category-musica","entry"],"_links":{"self":[{"href":"https:\/\/lavereda.com.mx\/index.php\/wp-json\/wp\/v2\/posts\/4356","targetHints":{"allow":["GET"]}}],"collection":[{"href":"https:\/\/lavereda.com.mx\/index.php\/wp-json\/wp\/v2\/posts"}],"about":[{"href":"https:\/\/lavereda.com.mx\/index.php\/wp-json\/wp\/v2\/types\/post"}],"author":[{"embeddable":true,"href":"https:\/\/lavereda.com.mx\/index.php\/wp-json\/wp\/v2\/users\/17"}],"replies":[{"embeddable":true,"href":"https:\/\/lavereda.com.mx\/index.php\/wp-json\/wp\/v2\/comments?post=4356"}],"version-history":[{"count":2,"href":"https:\/\/lavereda.com.mx\/index.php\/wp-json\/wp\/v2\/posts\/4356\/revisions"}],"predecessor-version":[{"id":4361,"href":"https:\/\/lavereda.com.mx\/index.php\/wp-json\/wp\/v2\/posts\/4356\/revisions\/4361"}],"wp:featuredmedia":[{"embeddable":true,"href":"https:\/\/lavereda.com.mx\/index.php\/wp-json\/wp\/v2\/media\/4357"}],"wp:attachment":[{"href":"https:\/\/lavereda.com.mx\/index.php\/wp-json\/wp\/v2\/media?parent=4356"}],"wp:term":[{"taxonomy":"category","embeddable":true,"href":"https:\/\/lavereda.com.mx\/index.php\/wp-json\/wp\/v2\/categories?post=4356"},{"taxonomy":"post_tag","embeddable":true,"href":"https:\/\/lavereda.com.mx\/index.php\/wp-json\/wp\/v2\/tags?post=4356"}],"curies":[{"name":"wp","href":"https:\/\/api.w.org\/{rel}","templated":true}]}}