{"id":4351,"date":"2022-11-03T14:09:11","date_gmt":"2022-11-03T14:09:11","guid":{"rendered":"http:\/\/lavereda.com.mx\/?p=4351"},"modified":"2022-11-03T14:11:23","modified_gmt":"2022-11-03T14:11:23","slug":"escritor-de-torreon-gana-el-premio-bellas-artes-de-obra-de-teatro-para-ninas-y-ninos","status":"publish","type":"post","link":"https:\/\/lavereda.com.mx\/index.php\/2022\/11\/03\/escritor-de-torreon-gana-el-premio-bellas-artes-de-obra-de-teatro-para-ninas-y-ninos\/","title":{"rendered":"Escritor de Torre\u00f3n gana el Premio Bellas Artes de Obra de Teatro para ni\u00f1as y ni\u00f1os"},"content":{"rendered":"\n<ul class=\"wp-block-list\"><li>El escritor es galardonado por&nbsp;<em>La voz de la tierra roja;&nbsp;<\/em>el jurado destaca la capacidad l\u00fadica, cr\u00edtica y reflexiva con que aborda el desarrollo de ni\u00f1as y adolescentes en una sociedad machista, los anhelos y dolores compartidos<\/li><\/ul>\n\n\n\n<p>La Secretar\u00eda de Cultura del Gobierno de M\u00e9xico y el Instituto Nacional de Bellas Artes y Literatura (INBAL), a trav\u00e9s de la Coordinaci\u00f3n Nacional de Literatura (CNL), en conjunto con el Gobierno del estado de Coahuila, por medio de su Secretar\u00eda de Cultura y el Patronato del Teatro&nbsp;<em>Isauro Mart\u00ednez<\/em>, anuncian que Ignacio Garibaldy L\u00f3pez gan\u00f3 el Premio Bellas Artes de Obra de Teatro para Ni\u00f1as, Ni\u00f1os y J\u00f3venes&nbsp;<em>Perla Szuchmacher<\/em>&nbsp;2022 por su pieza teatral titulada&nbsp;<em>La voz de la tierra roja<\/em>.<\/p>\n\n\n\n<p>El jurado, integrado por Patricia M. Pedreguera, Sara Pinet y Mariana Hartas\u00e1nchez, otorg\u00f3 el galard\u00f3n al escritor cuya obra, registrada bajo el seud\u00f3nimo&nbsp;<em>M\u00e1laga Link<\/em>, recrea de manera inteligente y divertida, a trav\u00e9s de sus personajes \u2014todos adolescentes\u2014, un universo familiar plet\u00f3rico de particularidades y met\u00e1foras que aluden problem\u00e1ticas complejas.<\/p>\n\n\n\n<p>\u201cLos mandatos de la sociedad, los anhelos \u00edntimos, los sue\u00f1os traicionados, los dolores compartidos y la valent\u00eda para cambiar una realidad subyugante, son algunos de los temas que, a trav\u00e9s de una comicidad aguda que raya en la farsa, se abordan en esta pieza. Con ritmo \u00e1gil, di\u00e1logos ir\u00f3nicos, riesgo dram\u00e1tico y capacidad cr\u00edtica, la obra genera una reflexi\u00f3n en torno a las implicaciones que tiene el hecho de crecer como mujer en una sociedad machista. La presencia materna como inspiraci\u00f3n para romper patrones de violencia brinda un mensaje esperanzador y tiende un lazo generacional entra\u00f1able\u201d, se\u00f1ala el acta deliberativa.<\/p>\n\n\n\n<p><strong>Exponer problem\u00e1ticas sociales para ayudar a la juventud a afrontarlas<\/strong><\/p>\n\n\n\n<p>Ignacio Garibaldy L\u00f3pez, dramaturgo originario de Torre\u00f3n, Coahuila, afirma que&nbsp;<em>La voz de la tierra roja<\/em>&nbsp;retoma el car\u00e1cter social que en alg\u00fan momento autores como Elena Garro y Jes\u00fas Gonz\u00e1lez D\u00e1vila plasmaron en sus obras; ya que, al retratar temas como el machismo, el abandono paterno, la pobreza y otros tipos de violencia a los que las infancias se encuentran expuestas, busca que el p\u00fablico joven, sobre todo, pueda identificarlos y hacerles frente.<\/p>\n\n\n\n<p>\u201cEsta obra proviene de una situaci\u00f3n muy curiosa sobre el abandono que sufren algunas adolescentes en familias de pueblos peque\u00f1os, pero de repente te encuentras con que el pap\u00e1 tiene otras familias y ves c\u00f3mo van descubriendo que son hermanos de gente con la que conviven ah\u00ed, sin saberlo. Me empez\u00f3 a preocupar mucho eso que es muy frecuente no solo en pueblos alejados, sino tambi\u00e9n en ciudades; entonces quise desarrollar el hecho de c\u00f3mo se encontrar\u00edan un par de hermanas acechadas por una situaci\u00f3n as\u00ed, dentro de un pueblo peque\u00f1o, y c\u00f3mo se relacionan entre ellas\u201d, comenta.<\/p>\n\n\n\n<p>El autor de la obra ganadora a\u00f1adi\u00f3 que, adem\u00e1s de visibilizar las violencias, su obra busca que las y los j\u00f3venes, as\u00ed como el p\u00fablico en general, se identifiquen para tomar acciones que den soluci\u00f3n a estas problem\u00e1ticas:<\/p>\n\n\n\n<blockquote class=\"wp-block-quote is-layout-flow wp-block-quote-is-layout-flow\"><p>\u201cMuchas personas que sufrimos ciertas dificultades en la vida no nos podemos quedar solamente con la vivencia de la desgracia, sino que debemos hacer algo desde la juventud, en particular, donde veo energ\u00eda y anhelo de vivir\u201d, refiere al respecto.<\/p><\/blockquote>\n\n\n\n<p>Destaca el aspecto positivo que toman en su pieza teatral tanto el territorio como la figura materna, para que los personajes puedan sobreponerse a las adversidades sociales como las que afrontan: \u201cAh\u00ed hay un asunto precisamente con la tierra roja: la tierra roja les habla. La tierra es madre, y la madre de ellas les habla a trav\u00e9s de la tierra y las motiva a salir adelante\u201d.<\/p>\n\n\n\n<p>Respecto al premio que, en palabras del galardonado, porta el nombre de una autora referente para la literatura hispanoamericana especializada en ni\u00f1os y j\u00f3venes, y de la cual tiene que seguirse explorando su figura y su labor, esta distinci\u00f3n resulta de gran honra y valor emocional para su trabajo.<\/p>\n\n\n\n<blockquote class=\"wp-block-quote is-layout-flow wp-block-quote-is-layout-flow\"><p>\u201cEs un gran honor recibir un premio que he buscado durante algunas ocasiones anteriores y que ahora se da. Sobre todo, porque es un premio muy entra\u00f1able para la comunidad lagunera, en particular porque la sede es el Teatro\u00a0<em>Isauro Mart\u00ednez<\/em>\u201d, remarca.<\/p><\/blockquote>\n\n\n\n<p>Ignacio Garibaldy es licenciado en Filosof\u00eda por la Universidad Vasco de Quiroga (UVAQ) y estudi\u00f3 el diplomado en Creaci\u00f3n Literaria en la Escuela de Escritores de La Laguna, de la Sociedad General de Escritores de M\u00e9xico.<\/p>\n\n\n\n<p>Ha sido becario del Fondo Estatal para las Cultura y las Artes de Coahuila, en la categor\u00eda de J\u00f3venes Creadores con especialidad en Dramaturgia; y curs\u00f3 el diplomado en escritura Dram\u00e1tica para J\u00f3venes Audiencias.<\/p>\n\n\n\n<p>Es autor de&nbsp;<em>Tres tristes v\u00edrgenes<\/em>, presentada en el Teatro&nbsp;<em>Isauro Mart\u00ednez<\/em>&nbsp;(2010);&nbsp;<em>El gran espacio en que no est\u00e1s<\/em>, presentada en Casa Aquelarre (2017); as\u00ed como de las adaptaciones&nbsp;<em>Las mil y unas se\u00f1as<\/em>, para el grupo de Teatro Miradas y Se\u00f1as (2009), y&nbsp;<em>Moli\u00e8re entre faldas<\/em>, presentada en el centro cultural Casa de Cantera (2022), en Torre\u00f3n. Es tambi\u00e9n autor de&nbsp;<em>Tres tristes v\u00edrgenes y otras obras de teatro<\/em>&nbsp;(Universidad Aut\u00f3noma de Coahuila, 2011) y publica ensayos y dramaturgia en el blog registrosdevoz.com<\/p>\n\n\n\n<p>El galard\u00f3n surgi\u00f3 en 1981 para promover este g\u00e9nero literario y difundir el teatro en p\u00fablicos infantil y juvenil. Desde 2018 el galard\u00f3n es reconocido con el nombre actual en honor a la escritora, actriz y dramaturga argentina Perla Szuchmacher, precursora del teatro infantil en Am\u00e9rica Latina, quien residi\u00f3 en M\u00e9xico por m\u00e1s de 30 a\u00f1os, hasta su deceso (10 de mayo de 2010).<\/p>\n\n\n\n<p>En m\u00e1s de cuatro d\u00e9cadas, creadoras y creadores teatrales, como Humberto Constantini (1981), Sabina Berman (1982), Mari Zacar\u00edas (1992), Antonio Malpica (2002), Ignacio Padilla (2008), Alejandro Rica\u00f1o y Sara Pinet (2014), Mariana Hartas\u00e1nchez (2015), Adriano Madriles (2018), Luis Antonio Rinc\u00f3n (2019), Luis Agust\u00edn Ayhll\u00f3n Flores (2020) y Patricia Mart\u00ednez Pedreguera (2021), han recibido este reconocimiento.<\/p>\n","protected":false},"excerpt":{"rendered":"<p>El escritor es galardonado por&nbsp;La voz de la tierra roja;&nbsp;el jurado destaca la capacidad l\u00fadica, cr\u00edtica y reflexiva con que aborda el desarrollo de ni\u00f1as y adolescentes en una sociedad &hellip; <a href=\"https:\/\/lavereda.com.mx\/index.php\/2022\/11\/03\/escritor-de-torreon-gana-el-premio-bellas-artes-de-obra-de-teatro-para-ninas-y-ninos\/\" class=\"more-link\">Leer m\u00e1s<\/a><\/p>\n","protected":false},"author":1,"featured_media":4352,"comment_status":"open","ping_status":"open","sticky":false,"template":"","format":"standard","meta":{"footnotes":""},"categories":[2,18],"tags":[19,32,36,30],"class_list":["post-4351","post","type-post","status-publish","format-standard","has-post-thumbnail","hentry","category-artes-escenicas","category-lomasrelevante","tag-19","tag-literatura","tag-teatro","tag-torreon","entry"],"_links":{"self":[{"href":"https:\/\/lavereda.com.mx\/index.php\/wp-json\/wp\/v2\/posts\/4351","targetHints":{"allow":["GET"]}}],"collection":[{"href":"https:\/\/lavereda.com.mx\/index.php\/wp-json\/wp\/v2\/posts"}],"about":[{"href":"https:\/\/lavereda.com.mx\/index.php\/wp-json\/wp\/v2\/types\/post"}],"author":[{"embeddable":true,"href":"https:\/\/lavereda.com.mx\/index.php\/wp-json\/wp\/v2\/users\/1"}],"replies":[{"embeddable":true,"href":"https:\/\/lavereda.com.mx\/index.php\/wp-json\/wp\/v2\/comments?post=4351"}],"version-history":[{"count":3,"href":"https:\/\/lavereda.com.mx\/index.php\/wp-json\/wp\/v2\/posts\/4351\/revisions"}],"predecessor-version":[{"id":4355,"href":"https:\/\/lavereda.com.mx\/index.php\/wp-json\/wp\/v2\/posts\/4351\/revisions\/4355"}],"wp:featuredmedia":[{"embeddable":true,"href":"https:\/\/lavereda.com.mx\/index.php\/wp-json\/wp\/v2\/media\/4352"}],"wp:attachment":[{"href":"https:\/\/lavereda.com.mx\/index.php\/wp-json\/wp\/v2\/media?parent=4351"}],"wp:term":[{"taxonomy":"category","embeddable":true,"href":"https:\/\/lavereda.com.mx\/index.php\/wp-json\/wp\/v2\/categories?post=4351"},{"taxonomy":"post_tag","embeddable":true,"href":"https:\/\/lavereda.com.mx\/index.php\/wp-json\/wp\/v2\/tags?post=4351"}],"curies":[{"name":"wp","href":"https:\/\/api.w.org\/{rel}","templated":true}]}}