{"id":4341,"date":"2022-11-01T00:55:28","date_gmt":"2022-11-01T00:55:28","guid":{"rendered":"http:\/\/lavereda.com.mx\/?p=4341"},"modified":"2022-11-01T03:07:26","modified_gmt":"2022-11-01T03:07:26","slug":"se-parte-del-festejo-del-dia-de-muertos","status":"publish","type":"post","link":"https:\/\/lavereda.com.mx\/index.php\/2022\/11\/01\/se-parte-del-festejo-del-dia-de-muertos\/","title":{"rendered":"Recintos culturales invitan a celebrar el D\u00eda de Muertos\u00a0"},"content":{"rendered":"\n<p>El Instituto Municipal de Cultura y Educaci\u00f3n invita al p\u00fablico a formar parte de la tradici\u00f3n del D\u00eda de Muertos, en donde se llevar\u00e1 a cabo la instalaci\u00f3n de altares en diferentes recintos y espacios culturales.<\/p>\n\n\n\n<p>El D\u00eda de Muertos es una fiesta especial en todo M\u00e9xico, esta tradici\u00f3n anual es para recordar y honrar a los familiares fallecidos. Existe la creencia de que durante este tiempo los muertos se acercan para estar con los que estamos vivos, es por eso que se hace la creaci\u00f3n de un altar u ofrenda para ellos, es una hermosa costumbre que es \u00fanica en M\u00e9xico.&nbsp;<\/p>\n\n\n\n<p>Los rituales del D\u00eda de Muertos de hoy son la combinaci\u00f3n de creencias y tradiciones que se han fusionado en lo que ahora es una de las fiestas m\u00e1s diversas de M\u00e9xico. Sus or\u00edgenes se remontan a la \u00e9poca prehisp\u00e1nica.&nbsp;<\/p>\n\n\n\n<figure class=\"wp-block-image size-full\"><img fetchpriority=\"high\" decoding=\"async\" width=\"1000\" height=\"750\" src=\"https:\/\/lavereda.com.mx\/wp-content\/uploads\/2022\/11\/1cgg.jpeg\" alt=\"\" class=\"wp-image-4343\" srcset=\"https:\/\/lavereda.com.mx\/wp-content\/uploads\/2022\/11\/1cgg.jpeg 1000w, https:\/\/lavereda.com.mx\/wp-content\/uploads\/2022\/11\/1cgg-300x225.jpeg 300w, https:\/\/lavereda.com.mx\/wp-content\/uploads\/2022\/11\/1cgg-768x576.jpeg 768w\" sizes=\"(max-width: 1000px) 100vw, 1000px\" \/><\/figure>\n\n\n\n<p>En el caso de los espacios culturales, en cada recinto los altares tendr\u00e1n diferentes dedicatorias.<\/p>\n\n\n\n<p>En lo que respecta a los museos, quedar\u00e1n las dedicatorias de la siguiente manera: En el Museo de la Moneda, el altar estar\u00e1 dedicado a familiares del personal del museo, en el Museo del Algod\u00f3n, el altar estar\u00e1 dedicado a la se\u00f1ora Leonor Lobo Ayala, qui\u00e9n fuera directora del recinto desde su apertura, hasta su fallecimiento en el a\u00f1o 2020, en el Museo del Ferrocarril, el altar ser\u00e1 dedicado a trabajadores del ferrocarril que ya no se encuentran en este plano, en el Museo Casa del Cerro, la dedicatoria ser\u00e1 para la familia Wulff, quienes construyeron y habitaron la casa en sus primeros a\u00f1os, finalmente en el Canal de la Perla, el altar ser\u00e1 dedicado al escritor lagunero Gilberto Prado Gal\u00e1n, qui\u00e9n recientemente falleci\u00f3 en la Ciudad de M\u00e9xico. Los altares estar\u00e1n listos a partir del d\u00eda de ma\u00f1ana y se podr\u00e1n visitar en los horarios habituales de los museos, de 10:00 am a 4:30 pm. Hasta el d\u00eda s\u00e1bado.<\/p>\n\n\n\n<p>Los centros culturales del IMCE tambi\u00e9n han preparado sus respectivas ofrendas con diferentes dedicatorias. En el centro cultural Casa Mud\u00e9jar se instalar\u00e1n dos altares, uno dedicado a la artista y promotora cultural Magda Briones, quien falleci\u00f3 a inicios de este a\u00f1o y el otro dedicado a la c\u00e9lebre pintora mexicana Frida Kahlo, adem\u00e1s este espacio tendr\u00e1 la exposici\u00f3n de figuras \u201cCalaveritas del Mont\u00f3n\u201d de Hugo Ortiz. Los altares y la exposici\u00f3n se podr\u00e1n visitar en un horario de 8 am a 3 pm.<\/p>\n\n\n\n<p>El centro cultural Jabonera \u201cLa Uni\u00f3n\u201d ofrecer\u00e1 un altar a la memoria de Joaqu\u00edn Serrano Mart\u00ednez, considerado junto a Federico Wulff y Leonardo Zuloaga como uno de los padres de Torre\u00f3n, qui\u00e9n fuera part\u00edcipe en el trazado y planeaci\u00f3n de las primeras calles de la ciudad, el altar se podr\u00e1 visitar a partir de este martes en un horario de 9:00 am a 6:00 pm.<\/p>\n\n\n\n<p>En los centros culturales Jos\u00e9 R. Mijares y Pablo C. Moreno sus altares estar\u00e1n dedicados a las v\u00edctimas que cobr\u00f3 la pandemia del Covid-19, ambos altares estar\u00e1n abiertos al p\u00fablico en un horario de 9:00 am a 7:00 pm a partir de este martes.<\/p>\n\n\n\n<p>Asimismo la Coordinaci\u00f3n de Artes Visuales del IMCE, realiza la instalaci\u00f3n de un gran altar en la escalinata de la Plaza Mayor, dedicado tambi\u00e9n a la bailarina y ambientalista, Magdalena Briones Navarro, que podr\u00e1 visitarse a partir del 1 de noviembre, cabe mencionar que adem\u00e1s en la explanada de plaza mayor se instalar\u00e1n los altares de la escuelas que participan en el concurso organizado por el IMCE, la Direcci\u00f3n de Turismo, Telef\u00e9rico de Torre\u00f3n y la Secretar\u00eda de Educaci\u00f3n del Estado regi\u00f3n Laguna.<\/p>\n\n\n\n<p>Las bibliotecas p\u00fablicas municipales tambi\u00e9n son part\u00edcipes de esta celebraci\u00f3n, realizando diversas ofrendas para personajes hist\u00f3ricos, familiares, amigos y ex trabajadores de estos espacios, teniendo las siguientes dedicatorias:<\/p>\n\n\n\n<p>B.P.M.&nbsp; Jos\u00e9 Garc\u00eda de Letona: Al periodista y locutor Juan Ceballos Azpe<\/p>\n\n\n\n<p>B.P.M.&nbsp; Enriqueta Ochoa: A la escritora Enriqueta Ochoa<\/p>\n\n\n\n<p>B.P.M.&nbsp; Efra\u00edn Gonz\u00e1lez Luna: Al escritor Gabriel Garc\u00eda M\u00e1rquez<\/p>\n\n\n\n<p>B.P.M.&nbsp; Manuel Jos\u00e9 Oth\u00f3n: Carlos Ruiz Zafon<\/p>\n\n\n\n<p>B.P.M.&nbsp; Benito Ju\u00e1rez: Al ex coordinador de bibliotecas Rodolfo Ramos<\/p>\n\n\n\n<p>Las bibliotecas est\u00e1n abiertas en un horario de 8:00 am a 7:00 pm y los s\u00e1bados a partir de las 9:00 am.<\/p>\n","protected":false},"excerpt":{"rendered":"<p>El Instituto Municipal de Cultura y Educaci\u00f3n invita al p\u00fablico a formar parte de la tradici\u00f3n del D\u00eda de Muertos, en donde se llevar\u00e1 a cabo la instalaci\u00f3n de altares &hellip; <a href=\"https:\/\/lavereda.com.mx\/index.php\/2022\/11\/01\/se-parte-del-festejo-del-dia-de-muertos\/\" class=\"more-link\">Leer m\u00e1s<\/a><\/p>\n","protected":false},"author":17,"featured_media":4342,"comment_status":"open","ping_status":"open","sticky":false,"template":"","format":"standard","meta":{"footnotes":""},"categories":[7,18],"tags":[50,30],"class_list":["post-4341","post","type-post","status-publish","format-standard","has-post-thumbnail","hentry","category-entretenimiento","category-lomasrelevante","tag-dia-de-muertos","tag-torreon","entry"],"_links":{"self":[{"href":"https:\/\/lavereda.com.mx\/index.php\/wp-json\/wp\/v2\/posts\/4341","targetHints":{"allow":["GET"]}}],"collection":[{"href":"https:\/\/lavereda.com.mx\/index.php\/wp-json\/wp\/v2\/posts"}],"about":[{"href":"https:\/\/lavereda.com.mx\/index.php\/wp-json\/wp\/v2\/types\/post"}],"author":[{"embeddable":true,"href":"https:\/\/lavereda.com.mx\/index.php\/wp-json\/wp\/v2\/users\/17"}],"replies":[{"embeddable":true,"href":"https:\/\/lavereda.com.mx\/index.php\/wp-json\/wp\/v2\/comments?post=4341"}],"version-history":[{"count":2,"href":"https:\/\/lavereda.com.mx\/index.php\/wp-json\/wp\/v2\/posts\/4341\/revisions"}],"predecessor-version":[{"id":4346,"href":"https:\/\/lavereda.com.mx\/index.php\/wp-json\/wp\/v2\/posts\/4341\/revisions\/4346"}],"wp:featuredmedia":[{"embeddable":true,"href":"https:\/\/lavereda.com.mx\/index.php\/wp-json\/wp\/v2\/media\/4342"}],"wp:attachment":[{"href":"https:\/\/lavereda.com.mx\/index.php\/wp-json\/wp\/v2\/media?parent=4341"}],"wp:term":[{"taxonomy":"category","embeddable":true,"href":"https:\/\/lavereda.com.mx\/index.php\/wp-json\/wp\/v2\/categories?post=4341"},{"taxonomy":"post_tag","embeddable":true,"href":"https:\/\/lavereda.com.mx\/index.php\/wp-json\/wp\/v2\/tags?post=4341"}],"curies":[{"name":"wp","href":"https:\/\/api.w.org\/{rel}","templated":true}]}}