{"id":4333,"date":"2022-10-31T22:40:44","date_gmt":"2022-10-31T22:40:44","guid":{"rendered":"http:\/\/lavereda.com.mx\/?p=4333"},"modified":"2022-10-31T22:40:46","modified_gmt":"2022-10-31T22:40:46","slug":"los-riesgos-del-ocio-48","status":"publish","type":"post","link":"https:\/\/lavereda.com.mx\/index.php\/2022\/10\/31\/los-riesgos-del-ocio-48\/","title":{"rendered":"Los riesgos del ocio"},"content":{"rendered":"\n<p>Y para ti, \u00bfc\u00f3mo fue la primera vez?<\/p>\n\n\n\n<p>\u00bfFue en la tranquilidad del ba\u00f1o de tu casa, donde ya ten\u00edas lo necesario para protegerte, porque alguien ya hab\u00eda hablado contigo y estabas al tanto de lo que suced\u00eda, de c\u00f3mo proceder y la naturalidad del fen\u00f3meno?<\/p>\n\n\n\n<p>\u00bfO fue en casa de alguna t\u00eda, con una hermana mayor hist\u00e9rica de alegr\u00eda dici\u00e9ndole a todo mundo que ya te hab\u00eda bajado y que alguien te prestara una toalla sanitaria r\u00e1pido porque ya eras parte de la cofrad\u00eda de las mujeres de la familia?<\/p>\n\n\n\n<p>\u00bfO tal vez, en el infierno que describe cierta pel\u00edcula, donde no sab\u00edas nada y de pronto la sangre comienza a fluir un d\u00eda cualquiera en el ba\u00f1o de la secundaria p\u00fablica, sin tener idea de lo que suced\u00eda; con el terror de sentir que estabas muriendo? \u00bfCon el horror de saber inevitable la burla de tus compa\u00f1eras, de toda la escuela, por traer la falda manchada, las piernas chorreadas, y la ignorancia pintada en tu rostro porque nadie te hab\u00eda explicado antes qu\u00e9 era lo que pod\u00eda suceder a esa edad?<\/p>\n\n\n\n<p>\u00bfO tal vez en la blancura del ba\u00f1o de colegio particular, igual, sin saber que hacer, con la bondad de alguna chica que manda llamar a la maestra de valores o de religi\u00f3n, o de cualquiera de esas clases que consideran buenas para los alumnos, para que te consolara en ese momento en que sentiste que tu vida estaba terminada, que la infancia se alejaba sin darte oportunidad de otro \u00e1rbol trepado, otra carrera de costales, otra ida en bici hasta el acantilado y de regreso?; \u00bffue con una mujer que no supo que hacer sino tratarte de manera fr\u00eda, lejana, tenderte un mont\u00f3n de papel hecho bola, sugerirte te lo pusieras entre las piernas e irte inmediatamente a la direcci\u00f3n donde llamaron a tu madre que no pudo ir por ti, sino hasta la hora de salida, porque su jefe no le dio permiso de nada?<\/p>\n\n\n\n<p>\u00bfO un d\u00eda cualquiera mientras despertabas de una siesta en casa porque regresaste de la escuela excesivamente cansada; h\u00fameda y pegajosa, en el ba\u00f1o te das cuenta de la raz\u00f3n, y en susurros llamas a mam\u00e1, \u00bfpara que (tambi\u00e9n en susurros) te ense\u00f1e c\u00f3mo colocarte una toalla sanitaria?<\/p>\n\n\n\n<p>\u00bfFue en la verg\u00fcenza, en el desconocimiento, en el j\u00fabilo, en la violencia, en la culpa, en la alegr\u00eda del momento esperado?<\/p>\n\n\n\n<p>\u00bfFue acompa\u00f1ada de la mirada y la voz protectora, alegre, did\u00e1ctica, tranquilizadora, juiciosa, de una mujer mayor; acompa\u00f1ada del silencio discreto de los adultos de la familia; en el entendido de que todo es normal y que la vida sigue?<\/p>\n\n\n\n<p>\u00bfO fue acompa\u00f1ada con los comentarios llenos de culpa, de rencor, de juicios anticipados, de odio, de ignorancia, con las miradas lascivas de los adultos de la casa, con los manoseos a diestra y siniestra, con la violencia y los comentarios hirientes, las palabras que se te clavaron en el cuerpo haci\u00e9ndote sentir sucia, destrozada, pecadora?<\/p>\n\n\n\n<p>\u00bfO tal vez, entre susurros, risas vergonzosas, palabras atropelladas, paquetitos pasados en misteriosas manos apretadas para que nadie vea de qu\u00e9 se trata? \u00bfA escondidas de todos porque de eso no se habla?&nbsp;<\/p>\n\n\n\n<p>\u00bfCon uniformes echados a perder, s\u00e1banas manchadas para siempre, dolores insoportablemente confusos? \u00bfAterrada ante la violencia de un nuevo presente? \u00bfCon placidez, como algo inevitable, sin accidentes, sin tragedias, algo que esperabas con ansiedad? \u00bfUn momento para empoderarte, un acto que te dio alegr\u00eda, te hizo sentir parte del grupo, le dio sentido a tu ser mujer?<\/p>\n\n\n\n<p>Y para ti, \u00bfc\u00f3mo fue esa primera vez?<\/p>\n","protected":false},"excerpt":{"rendered":"<p>Y para ti, \u00bfc\u00f3mo fue la primera vez? \u00bfFue en la tranquilidad del ba\u00f1o de tu casa, donde ya ten\u00edas lo necesario para protegerte, porque alguien ya hab\u00eda hablado contigo &hellip; <a href=\"https:\/\/lavereda.com.mx\/index.php\/2022\/10\/31\/los-riesgos-del-ocio-48\/\" class=\"more-link\">Leer m\u00e1s<\/a><\/p>\n","protected":false},"author":11,"featured_media":4334,"comment_status":"open","ping_status":"open","sticky":false,"template":"","format":"standard","meta":{"footnotes":""},"categories":[18,9],"tags":[55,30],"class_list":["post-4333","post","type-post","status-publish","format-standard","has-post-thumbnail","hentry","category-lomasrelevante","category-opinion","tag-mujer","tag-torreon","entry"],"_links":{"self":[{"href":"https:\/\/lavereda.com.mx\/index.php\/wp-json\/wp\/v2\/posts\/4333","targetHints":{"allow":["GET"]}}],"collection":[{"href":"https:\/\/lavereda.com.mx\/index.php\/wp-json\/wp\/v2\/posts"}],"about":[{"href":"https:\/\/lavereda.com.mx\/index.php\/wp-json\/wp\/v2\/types\/post"}],"author":[{"embeddable":true,"href":"https:\/\/lavereda.com.mx\/index.php\/wp-json\/wp\/v2\/users\/11"}],"replies":[{"embeddable":true,"href":"https:\/\/lavereda.com.mx\/index.php\/wp-json\/wp\/v2\/comments?post=4333"}],"version-history":[{"count":1,"href":"https:\/\/lavereda.com.mx\/index.php\/wp-json\/wp\/v2\/posts\/4333\/revisions"}],"predecessor-version":[{"id":4335,"href":"https:\/\/lavereda.com.mx\/index.php\/wp-json\/wp\/v2\/posts\/4333\/revisions\/4335"}],"wp:featuredmedia":[{"embeddable":true,"href":"https:\/\/lavereda.com.mx\/index.php\/wp-json\/wp\/v2\/media\/4334"}],"wp:attachment":[{"href":"https:\/\/lavereda.com.mx\/index.php\/wp-json\/wp\/v2\/media?parent=4333"}],"wp:term":[{"taxonomy":"category","embeddable":true,"href":"https:\/\/lavereda.com.mx\/index.php\/wp-json\/wp\/v2\/categories?post=4333"},{"taxonomy":"post_tag","embeddable":true,"href":"https:\/\/lavereda.com.mx\/index.php\/wp-json\/wp\/v2\/tags?post=4333"}],"curies":[{"name":"wp","href":"https:\/\/api.w.org\/{rel}","templated":true}]}}