{"id":4326,"date":"2022-10-31T03:26:31","date_gmt":"2022-10-31T03:26:31","guid":{"rendered":"http:\/\/lavereda.com.mx\/?p=4326"},"modified":"2022-10-31T14:24:28","modified_gmt":"2022-10-31T14:24:28","slug":"presentan-el-espectaculo-cantandote-hasta-los-huesos","status":"publish","type":"post","link":"https:\/\/lavereda.com.mx\/index.php\/2022\/10\/31\/presentan-el-espectaculo-cantandote-hasta-los-huesos\/","title":{"rendered":"Presentan el espect\u00e1culo \u00abCant\u00e1ndote hasta los huesos\u00bb"},"content":{"rendered":"\n<p>Cant\u00e1ndote hasta los huesos es un espect\u00e1culo donde el folclor mexicano es el protagonista y nuestras tradiciones que enmarcan el d\u00eda de Los fieles difuntos (D\u00eda de Muertos) salen a relucir con creatividad, coment\u00f3 el tenor lagunero Bernardo Fierros.<\/p>\n\n\n\n<p>El concierto con un enfoque \u00abmultidisciplinario, elegante, virtuoso e inspirador\u00bb, dijo,  se realizar\u00e1 el 5 de noviembre a las 20:30 horas en el Teatro Isauro Mart\u00ednez.<\/p>\n\n\n\n<p>El tenor Bernardo Fierros quien interpreta al \u00abCatr\u00edn\u201d,  caracterizado con el maquillaje del artista Hector \u201cStock\u201d Arreola, cantar\u00e1 piezas emblem\u00e1ticas como \u201cDios nunca muere\u201d, \u201carr\u00e1ncame la vida\u201d \u201cLa Bruja\u201d&nbsp; \u201cDespedida\u201d dando a su paso el paisaje musical acompa\u00f1ado al piano por la maestra Mariana Chabukiani tambi\u00e9n caracterizada como \u201cCatrina\u201d, un narrador es quien da paso a la leyenda de \u201cEl Catrin\u201d y a su vez recita poemas alusivos a la fecha de autores como: Borges y B\u00e9cquer.&nbsp;<\/p>\n\n\n\n<p>Tambi\u00e9n participar\u00e1n artistas invitados: el acordeonista Ra\u00fal J\u00e1quez y bailarines de danza folcl\u00f3rica quienes entran a escena tambi\u00e9n caracterizados.<\/p>\n\n\n\n<p>Se interpretar\u00e1n canciones como \u201cLa llorona\u201d \u201cAlma m\u00eda\u201d, en un espect\u00e1culo \u201cdonde m\u00e1s que concierto se ofrece un viaje a celebrar nuestra cultura, nuestro folclor, festejar nuestras tradiciones y reflexionar sobre la manera en la que los mexicanos vemos la muerte disfrutando la vida con alegr\u00eda, entrega, pasi\u00f3n y remembrando a quienes ya no est\u00e1n con nosotros f\u00edsicamente pero si en nuestra memoria y en nuestros corazones\u201d, afirm\u00f3 Bernanrdo Fierrlos.<\/p>\n\n\n\n<p>La venta de boletos se realiza en newticket.<\/p>\n\n\n\n<p><strong>ARTISTAS INVITADOS:<\/strong><\/p>\n\n\n\n<p>Mariana Chabukiani &#8211; pianista Catrina&nbsp;<\/p>\n\n\n\n<p>Ra\u00fal J\u00e1quez- Acord\u00e9onista&nbsp;<\/p>\n\n\n\n<p>Las Karrum &#8211; Catrinas&nbsp;<\/p>\n\n\n\n<p>Susana Caldera &#8211; Catrina&nbsp;<\/p>\n\n\n\n<p>Mariel Williams &#8211; narradora.<\/p>\n","protected":false},"excerpt":{"rendered":"<p>Cant\u00e1ndote hasta los huesos es un espect\u00e1culo donde el folclor mexicano es el protagonista y nuestras tradiciones que enmarcan el d\u00eda de Los fieles difuntos (D\u00eda de Muertos) salen a &hellip; <a href=\"https:\/\/lavereda.com.mx\/index.php\/2022\/10\/31\/presentan-el-espectaculo-cantandote-hasta-los-huesos\/\" class=\"more-link\">Leer m\u00e1s<\/a><\/p>\n","protected":false},"author":9,"featured_media":4327,"comment_status":"open","ping_status":"open","sticky":false,"template":"","format":"standard","meta":{"footnotes":""},"categories":[18,4],"tags":[54,36],"class_list":["post-4326","post","type-post","status-publish","format-standard","has-post-thumbnail","hentry","category-lomasrelevante","category-musica","tag-dia-de-muertos-2","tag-teatro","entry"],"_links":{"self":[{"href":"https:\/\/lavereda.com.mx\/index.php\/wp-json\/wp\/v2\/posts\/4326","targetHints":{"allow":["GET"]}}],"collection":[{"href":"https:\/\/lavereda.com.mx\/index.php\/wp-json\/wp\/v2\/posts"}],"about":[{"href":"https:\/\/lavereda.com.mx\/index.php\/wp-json\/wp\/v2\/types\/post"}],"author":[{"embeddable":true,"href":"https:\/\/lavereda.com.mx\/index.php\/wp-json\/wp\/v2\/users\/9"}],"replies":[{"embeddable":true,"href":"https:\/\/lavereda.com.mx\/index.php\/wp-json\/wp\/v2\/comments?post=4326"}],"version-history":[{"count":3,"href":"https:\/\/lavereda.com.mx\/index.php\/wp-json\/wp\/v2\/posts\/4326\/revisions"}],"predecessor-version":[{"id":4332,"href":"https:\/\/lavereda.com.mx\/index.php\/wp-json\/wp\/v2\/posts\/4326\/revisions\/4332"}],"wp:featuredmedia":[{"embeddable":true,"href":"https:\/\/lavereda.com.mx\/index.php\/wp-json\/wp\/v2\/media\/4327"}],"wp:attachment":[{"href":"https:\/\/lavereda.com.mx\/index.php\/wp-json\/wp\/v2\/media?parent=4326"}],"wp:term":[{"taxonomy":"category","embeddable":true,"href":"https:\/\/lavereda.com.mx\/index.php\/wp-json\/wp\/v2\/categories?post=4326"},{"taxonomy":"post_tag","embeddable":true,"href":"https:\/\/lavereda.com.mx\/index.php\/wp-json\/wp\/v2\/tags?post=4326"}],"curies":[{"name":"wp","href":"https:\/\/api.w.org\/{rel}","templated":true}]}}