{"id":4323,"date":"2022-10-30T17:18:52","date_gmt":"2022-10-30T17:18:52","guid":{"rendered":"http:\/\/lavereda.com.mx\/?p=4323"},"modified":"2022-10-30T17:18:55","modified_gmt":"2022-10-30T17:18:55","slug":"compania-de-titeres-el-tenderete-presenta-un-dia-de-leyenda","status":"publish","type":"post","link":"https:\/\/lavereda.com.mx\/index.php\/2022\/10\/30\/compania-de-titeres-el-tenderete-presenta-un-dia-de-leyenda\/","title":{"rendered":"Compa\u00f1\u00eda de t\u00edteres el Tenderete presenta \u00abUn d\u00eda de leyenda\u00bb"},"content":{"rendered":"\n<p>La compa\u00f1\u00eda T\u00edteres y Marionetas \u201cEl Tenderete\u201d de Pilar C\u00e1rdenas&nbsp;y Armando Samaniego presenta&nbsp;<strong><em>Un d\u00eda de leyenda<\/em><\/strong>&nbsp;este mi\u00e9rcoles 2 de noviembre a las 18:00 horas en el Teatro Garibay. Los pases de cortes\u00edas se entregan en las oficinas del Teatro Isauro Mart\u00ednez.<\/p>\n\n\n\n<p>El Tenderete oferecer\u00e1 una selecci\u00f3n de leyendas tarahumaras que entrelazadas forman una historia que transcurre en un d\u00eda, en la que el personaje principal es el protagonista de las leyendas que cuando era ni\u00f1o le contaba su abuelo y por medio de esta experiencia, se da cuenta de su importancia y del compromiso de continuar transmitiendo de generaci\u00f3n en generaci\u00f3n estas leyendas para preservar la cultura de su pueblo, y as\u00ed, conservar su identidad.<\/p>\n\n\n\n<p>Mediante t\u00edteres de guante se presentan algunas de las muchas leyendas de la etnia Tarahumara, para dar a conocer su visi\u00f3n del mundo, sus costumbres y lo importancia de preservar esta cultura milenaria.<\/p>\n\n\n\n<p>El teatro de t\u00edteres contin\u00faa fascinando a los espectadores de todo el mundo. Es este un espect\u00e1culo teatral en el que los actores son mu\u00f1ecos manipulados por seres humanos, los mu\u00f1ecos realizan gran diversidad de movimientos, que en todo caso depender\u00e1n de su concepci\u00f3n y construcci\u00f3n.<\/p>\n\n\n\n<p>El tenderete cuenta con m\u00e1s de 250 representaciones, es ganador de muestra municipal de teatro, se presentaron&nbsp;&nbsp;&nbsp;en ENTEPOLA en la ciudad de Aguascalientes, tuvieron una participaci\u00f3n en el programa de teatro para peque\u00f1os en San Miguel de Allende y dentro&nbsp;&nbsp;del Festival de T\u00edteres en Nuevo Le\u00f3n.<\/p>\n\n\n\n<p>\u201cEl Tenderete\u201d de la zona de Chihuahua, M\u00e9xico realiza espect\u00e1culos de t\u00edteres con diferentes t\u00e9cnicas de manipulaci\u00f3n y construcci\u00f3n como hilo, guante, varilla y ventriloqu\u00eda. Cuenta con una exposici\u00f3n itinerante.<\/p>\n\n\n\n<p>&nbsp;Pilar C\u00e1rdenas y Armando Samaniego, con m\u00e1s de 35&nbsp;&nbsp;a\u00f1os de experiencia, tienen en casa 500 mu\u00f1ecos de todos los espect\u00e1culos que ofrecen como repertorio vigente. Adem\u00e1s, han realizado producciones para otros grupos como son sus amigos el Grupo Ba\u00fal Teatro de Monterrey, para quienes montaron la obra \u201cMacuerva\u201d, en la que construyeron marionetas con hilos de tres metros de altura, por lo que los actores tienen que utilizar un andamio para trabajar.<\/p>\n\n\n\n<p>Adem\u00e1s, con ellos trabajaron en coproducci\u00f3n la obra de t\u00edteres \u201cTl\u00e1loc Dios de la lluvia\u201d, que presenta t\u00edteres planos, que est\u00e1n hechos de madera a dos vistas, es decir, una cara diferente de cada lado. Estas figuras tienen peque\u00f1os movimientos de las manos para presentar un c\u00f3dice m\u00f3vil. Tambi\u00e9n trabajaron con el Museo Regional de la Laguna la producci\u00f3n titulada \u201cEl peque\u00f1o cazador irritila\u201d, que habla sobre los primeros pobladores de La Laguna.&nbsp;<\/p>\n\n\n\n<p>La compa\u00f1\u00eda \u201cEl Tenderete\u201d cuentan con la obra \u201cGarabatos\u201d cuya tem\u00e1tica se centra en las siete vidas de un gato, vidas que va perdiendo en el transcurrir de la representaci\u00f3n. Con esta obra se busca orientar a los ni\u00f1os para que se cuiden de las drogas.<\/p>\n","protected":false},"excerpt":{"rendered":"<p>La compa\u00f1\u00eda T\u00edteres y Marionetas \u201cEl Tenderete\u201d de Pilar C\u00e1rdenas&nbsp;y Armando Samaniego presenta&nbsp;Un d\u00eda de leyenda&nbsp;este mi\u00e9rcoles 2 de noviembre a las 18:00 horas en el Teatro Garibay. Los pases &hellip; <a href=\"https:\/\/lavereda.com.mx\/index.php\/2022\/10\/30\/compania-de-titeres-el-tenderete-presenta-un-dia-de-leyenda\/\" class=\"more-link\">Leer m\u00e1s<\/a><\/p>\n","protected":false},"author":1,"featured_media":4324,"comment_status":"open","ping_status":"open","sticky":false,"template":"","format":"standard","meta":{"footnotes":""},"categories":[2,18],"tags":[36,30],"class_list":["post-4323","post","type-post","status-publish","format-standard","has-post-thumbnail","hentry","category-artes-escenicas","category-lomasrelevante","tag-teatro","tag-torreon","entry"],"_links":{"self":[{"href":"https:\/\/lavereda.com.mx\/index.php\/wp-json\/wp\/v2\/posts\/4323","targetHints":{"allow":["GET"]}}],"collection":[{"href":"https:\/\/lavereda.com.mx\/index.php\/wp-json\/wp\/v2\/posts"}],"about":[{"href":"https:\/\/lavereda.com.mx\/index.php\/wp-json\/wp\/v2\/types\/post"}],"author":[{"embeddable":true,"href":"https:\/\/lavereda.com.mx\/index.php\/wp-json\/wp\/v2\/users\/1"}],"replies":[{"embeddable":true,"href":"https:\/\/lavereda.com.mx\/index.php\/wp-json\/wp\/v2\/comments?post=4323"}],"version-history":[{"count":1,"href":"https:\/\/lavereda.com.mx\/index.php\/wp-json\/wp\/v2\/posts\/4323\/revisions"}],"predecessor-version":[{"id":4325,"href":"https:\/\/lavereda.com.mx\/index.php\/wp-json\/wp\/v2\/posts\/4323\/revisions\/4325"}],"wp:featuredmedia":[{"embeddable":true,"href":"https:\/\/lavereda.com.mx\/index.php\/wp-json\/wp\/v2\/media\/4324"}],"wp:attachment":[{"href":"https:\/\/lavereda.com.mx\/index.php\/wp-json\/wp\/v2\/media?parent=4323"}],"wp:term":[{"taxonomy":"category","embeddable":true,"href":"https:\/\/lavereda.com.mx\/index.php\/wp-json\/wp\/v2\/categories?post=4323"},{"taxonomy":"post_tag","embeddable":true,"href":"https:\/\/lavereda.com.mx\/index.php\/wp-json\/wp\/v2\/tags?post=4323"}],"curies":[{"name":"wp","href":"https:\/\/api.w.org\/{rel}","templated":true}]}}