{"id":4320,"date":"2022-10-30T00:38:05","date_gmt":"2022-10-30T00:38:05","guid":{"rendered":"http:\/\/lavereda.com.mx\/?p=4320"},"modified":"2022-10-30T00:38:07","modified_gmt":"2022-10-30T00:38:07","slug":"el-faro","status":"publish","type":"post","link":"https:\/\/lavereda.com.mx\/index.php\/2022\/10\/30\/el-faro\/","title":{"rendered":"El Faro"},"content":{"rendered":"\n<p>Dos marineros se encargan de cuidar un faro en medio de la nada a finales del siglo XIX. Es Nueva Inglaterra y en el entorno solo hay cielo gris, oleaje tempestuoso y asomos de tormenta.<\/p>\n\n\n\n<p>Juntos, deben sobrevivir a la soledad acompa\u00f1ada y a las largas jornadas llenas de tedio en las que se sumergen, mientras de superar la angustia muy similar al abandono.<\/p>\n\n\n\n<p>Robert Pattinson y Willem Dafoe estelarizan esta obra maestra del suspenso, en la que, con muy pocos di\u00e1logos, se dicen los hombres encargados de la torre enorme, que gu\u00eda a los barcos para llegar al puerto.<\/p>\n\n\n\n<p>El guionista y director Robert Eggers, que ya hab\u00eda sorprendido al mundo con magn\u00edfica La Bruja (The Witch), repite con una gran historia relacionada con el asomo a los abismos de la locura que enfrentan estos hombres que, en su horrible situaci\u00f3n, no hacen m\u00e1s, en todo el d\u00eda, que estar viendo el vac\u00edo, o tratando de emborracharse para que transcurra el tiempo interminable.<\/p>\n\n\n\n<p>Toda la cinta, filmada con exquisita fotograf\u00eda en blanco y negro, habla de los estados emocionales a los que puede llegar el ser humano cuando se enfrenta con estados de ansiedad extremos.<\/p>\n\n\n\n<p>(NC-17. No apto para menores de 18)<\/p>\n\n\n\n<p>@LucianoCamposG<\/p>\n\n\n\n<figure class=\"wp-block-embed is-type-video is-provider-youtube wp-block-embed-youtube wp-embed-aspect-16-9 wp-has-aspect-ratio\"><div class=\"wp-block-embed__wrapper\">\n<iframe title=\"El Faro - Tr\u00e1iler Oficial (Sub. Espa\u00f1ol)\" width=\"1170\" height=\"658\" src=\"https:\/\/www.youtube.com\/embed\/hYLWBdO7l-g?feature=oembed\" frameborder=\"0\" allow=\"accelerometer; autoplay; clipboard-write; encrypted-media; gyroscope; picture-in-picture\" allowfullscreen><\/iframe>\n<\/div><\/figure>\n","protected":false},"excerpt":{"rendered":"<p>Dos marineros se encargan de cuidar un faro en medio de la nada a finales del siglo XIX. Es Nueva Inglaterra y en el entorno solo hay cielo gris, oleaje &hellip; <a href=\"https:\/\/lavereda.com.mx\/index.php\/2022\/10\/30\/el-faro\/\" class=\"more-link\">Leer m\u00e1s<\/a><\/p>\n","protected":false},"author":3,"featured_media":4321,"comment_status":"open","ping_status":"open","sticky":false,"template":"","format":"standard","meta":{"footnotes":""},"categories":[6,7],"tags":[40],"class_list":["post-4320","post","type-post","status-publish","format-standard","has-post-thumbnail","hentry","category-cinetv","category-entretenimiento","tag-cine","entry"],"_links":{"self":[{"href":"https:\/\/lavereda.com.mx\/index.php\/wp-json\/wp\/v2\/posts\/4320","targetHints":{"allow":["GET"]}}],"collection":[{"href":"https:\/\/lavereda.com.mx\/index.php\/wp-json\/wp\/v2\/posts"}],"about":[{"href":"https:\/\/lavereda.com.mx\/index.php\/wp-json\/wp\/v2\/types\/post"}],"author":[{"embeddable":true,"href":"https:\/\/lavereda.com.mx\/index.php\/wp-json\/wp\/v2\/users\/3"}],"replies":[{"embeddable":true,"href":"https:\/\/lavereda.com.mx\/index.php\/wp-json\/wp\/v2\/comments?post=4320"}],"version-history":[{"count":1,"href":"https:\/\/lavereda.com.mx\/index.php\/wp-json\/wp\/v2\/posts\/4320\/revisions"}],"predecessor-version":[{"id":4322,"href":"https:\/\/lavereda.com.mx\/index.php\/wp-json\/wp\/v2\/posts\/4320\/revisions\/4322"}],"wp:featuredmedia":[{"embeddable":true,"href":"https:\/\/lavereda.com.mx\/index.php\/wp-json\/wp\/v2\/media\/4321"}],"wp:attachment":[{"href":"https:\/\/lavereda.com.mx\/index.php\/wp-json\/wp\/v2\/media?parent=4320"}],"wp:term":[{"taxonomy":"category","embeddable":true,"href":"https:\/\/lavereda.com.mx\/index.php\/wp-json\/wp\/v2\/categories?post=4320"},{"taxonomy":"post_tag","embeddable":true,"href":"https:\/\/lavereda.com.mx\/index.php\/wp-json\/wp\/v2\/tags?post=4320"}],"curies":[{"name":"wp","href":"https:\/\/api.w.org\/{rel}","templated":true}]}}