{"id":4317,"date":"2022-10-28T19:02:13","date_gmt":"2022-10-28T19:02:13","guid":{"rendered":"http:\/\/lavereda.com.mx\/?p=4317"},"modified":"2022-10-28T19:02:14","modified_gmt":"2022-10-28T19:02:14","slug":"black-adam-2022","status":"publish","type":"post","link":"https:\/\/lavereda.com.mx\/index.php\/2022\/10\/28\/black-adam-2022\/","title":{"rendered":"Black Adam 2022"},"content":{"rendered":"\n<p>En agosto pasado, debido a la fusi\u00f3n de Warner Bros, propiedad de AT&amp;T, con el grupo Discovery, una serie de cambios y reestructuraciones se hicieron p\u00fablicas, provocando dudas sobre el futuro del Universo extendido de DC. La cancelaci\u00f3n de la pel\u00edcula exclusiva para HBO Max, casi terminada, Batgirl, as\u00ed como los retrasos en el calendario de estrenos de Shazam! Fury of the Gods, The Flash y Aquaman and the Lost Kingdom, para el a\u00f1o 2023, hicieron dudar de la calidad de estas, as\u00ed como de la posibilidad de verlas alg\u00fan d\u00eda en la pantalla.&nbsp;&nbsp;<\/p>\n\n\n\n<p>De todas las cintas que se hab\u00edan anunciado previamente, la que menos cambios sufri\u00f3, fue de la que escribo en esta ocasi\u00f3n, Black Adam, ya que su fecha hab\u00eda sido aplazada previamente, tanto por los retrasos por la \u00faltima ola de COVID 19, como por los ajustes corporativos antes mencionados. Entonces, de su estreno programado para el 19 de junio, pas\u00f3 al 21 de octubre de 2021, fecha en la que pudimos verla proyectada y entendimos la raz\u00f3n de mantener este producto sin demasiado movimiento dentro de la estructura de su plan de negocios. Porque puede que el peso del nombre Dwayne Johnson (quien siempre se consider\u00f3 como opci\u00f3n dentro del DCU, pero se dud\u00f3 entre si interpretar\u00eda a Shazam o Black Adam, optando por el segundo) y su arrastre en taquilla haya tenido peso al momento de planear el estreno, pero una vez vista la cinta es evidente que hay una raz\u00f3n para presentarla antes del resto y que los fan\u00e1ticos de DC pueden estar tranquilos, ya que resulta evidente que las dem\u00e1s ver\u00e1n la luz tarde o temprano, aunque de eso hablar\u00e9 m\u00e1s adelante.&nbsp;<\/p>\n\n\n\n<p>Originalmente pensado como el villano principal de la cinta \u00a1Shazam! (2019), para luego intentar presentarlo en&nbsp;<a>The Suicide Squad<\/a>&nbsp;(2021), como el arma secreta que el escuadr\u00f3n deb\u00eda investigar y detener, se decidi\u00f3 al final darle su propia pel\u00edcula, debido al peso del protagonista. Para los que no lo sepan, Black Adam es un villano de DC, archienemigo de la Familia Shazam, aunque a trav\u00e9s del tiempo el personaje ha sufrido algunos cambios, volvi\u00e9ndolo antih\u00e9roe, que es la faceta por la que se opt\u00f3 para definir al personaje en esta ocasi\u00f3n.<\/p>\n\n\n\n<p>La l\u00ednea argumental por la que se decidi\u00f3 nos lleva al ficticio pa\u00eds de&nbsp;<a>Khandaq<\/a>, donde se cuentan las leyendas de un guerrero que venci\u00f3, en el a\u00f1o 2600 a.c., al tir\u00e1nico rey Ahk-Ton en su intento por portar la corona de Sabbac, la cual le brindar\u00eda el poder dado por demonios para volverse casi invencible. En dicha leyenda, los mismos dioses que le brindaron sus poderes a Shazam, vieron en un joven esclavo a un posible h\u00e9roe que ayudar\u00eda a liberar a su pueblo, cuesti\u00f3n que sucedi\u00f3 en su momento y la raz\u00f3n del nacimiento de la leyenda de Teth-Adam, como se le conoc\u00eda originalmente.<\/p>\n\n\n\n<p>La historia pasa a la actualidad, donde una mujer de nombre Adrianna (Sarah Shahi), quien junto a su hermano Karim (Mohammed Amer), su hijo Amon (Bodhi Sabongui) y su amigo Ishmael (Marwan Kenzari), buscan la corona de Sabbac, sin mucha explicaci\u00f3n sobre sus motivos, mientras se mantienen ocultos de la empresa de corte militar Intergang, quienes controlan el pa\u00eds y al parecer tambi\u00e9n buscan la joya. Al infiltrarse en unas ruinas arqueol\u00f3gicas, el grupo logra encontrar lo que buscan, s\u00f3lo para ser emboscados por sicarios de la compa\u00f1\u00eda, aunque logran salir ilesos una vez que Adrianna recita un hechizo que est\u00e1 tallado en el piso, invocando a Black Adam, quien hab\u00eda permanecido dormido durante 5 mil a\u00f1os. Desde el instante que aparece, el poder del personaje se hace evidente, al deshacerse de los villanos en segundos. Despu\u00e9s de dicho enfrentamiento, los sobrevivientes son testigos de c\u00f3mo su supuesto h\u00e9roe dista mucho de las narraciones que han escuchado, ya que a este no le interesa en lo m\u00e1s m\u00ednimo ayudarlos a liberar el pa\u00eds o a realizar cualquier clase de acto por el bien de los dem\u00e1s. Tan s\u00f3lo Amon ve en el personaje la posibilidad de libertad y la capacidad de este para hacer el bien, por lo que busca acercarse a Black Adam para mostrarle lo que puede hacer por los dem\u00e1s.<\/p>\n\n\n\n<p>Paralela a la historia de redenci\u00f3n del otrora villano, se abre otra l\u00ednea argumental, que sirve para presentarnos a Sociedad de la Justicia de Am\u00e9rica, algo as\u00ed como una Liga de la Justicia en versi\u00f3n m\u00e1s peque\u00f1a y menos espectacular, a la que acude Amanda Waller (Viola Davies), para que busquen al reci\u00e9n despertado antih\u00e9roe, ya que ellos poseen informaci\u00f3n sobre lo que en realidad sucedi\u00f3 en su enfrentamiento con el rey, los motivos de haber permanecido dormido tanto tiempo, y la raz\u00f3n por la que es apremiante contener a dicho personaje. Dentro de los personajes que confirman la agrupaci\u00f3n se encuentran Hawkman (Aldis Hodge), Dr. Fate (Pierce Brosnan), Atom Smasher (Noah Centineo) y Cyclone (Quintessa Swindell).<\/p>\n\n\n\n<p>Como es de esperarse, los primeros encuentros entre Black Adam y el grupo de justicieros son tensos, con enfrentamientos que van dejando caos y destrucci\u00f3n a su paso, mientras hacen notar la superioridad en poder del protagonista; pero conforme avanzan los minutos, todos los relacionados comienzan a entender que deben trabajar en conjunto si quieren detener a un mal mayor que sus diferencias, al mismo tiempo que el pasado de Black Adam se va revelando al espectador.<\/p>\n\n\n\n<p>La trama parece sencilla y la verdad es que lo es, esta no es una historia con mucho contenido impl\u00edcito para desentra\u00f1ar bajo diferentes niveles en el gui\u00f3n; es simple entretenimiento y ya. Ahora, \u00bfes Black Adam una buena pel\u00edcula? No, no lo es, ya que posiblemente estemos ante una de las peores cintas del DCU, lo cual es bastante dif\u00edcil de lograr porque muchas de estas producciones no han sido conocidas por su calidad. \u00bfEsto en realidad importa? No. Si entramos a cualquier portal de esos donde se hacen consensos cr\u00edticos sobre cine, podemos notar que la critica ha sido despiadada y brutal, pero que al p\u00fablico le ha gustado, que a fin de cuentas es lo que importa para un producto comercial. Si, claro, se hubiera agradecido un poco m\u00e1s de ingenio o congruencia, ya que, sobre todo en la recta final, pareciera que el director, Jaume Collet-Serra (responsable no de una, sino 4 de las cintas de Liam Neeson que son todas id\u00e9nticas), hubiera dejado que los actores se dirigieran solos, logrando secuencias de humor involuntario, sobre todo en lo referente a la sublevaci\u00f3n de los pobladores de Khandaq contra el mal que se ha despertado y pone en peligro su pa\u00eds, situaci\u00f3n que llega a provocar un poco de pena ajena en cuanto a di\u00e1logos e interpretaciones, as\u00ed como momentos en que decae un poco el ritmo y pueden llegar a aburrir, aunque son los m\u00ednimos.<\/p>\n\n\n\n<p>Aun con los fallos narrativos que la cinta tiene, que son bastantes, los personajes logran por momentos elevar un poco el nivel. Esto, no tanto por que brinden grandes interpretaciones, pero Dwayne Johnson, Aldis Hodge, Noah Centineo y Sarah Shahi lo hacen muy bien, sobre todo el primero, quien sabe el estatus que posee y aprovecha sus ya conocidos gestos, sonrisas y magnetismo para asegurarse de que su poder de estrella quede intacto y el p\u00fablico lo adore; aunque, si hay alguien que emociona ver enfundado en su traje de superh\u00e9roe es Pierce Brosnan, quien llega a robarse algunas escenas con el simple hecho de aparecer en ellas. Habr\u00e1 que ver que hacen con estos personajes en un futuro, ya que resulta obvio que esta es una cinta para presentarlos.<\/p>\n\n\n\n<p>Y este es precisamente el verdadero aspecto importante y punto fuerte de la cinta, la cual puede que no funcione bien como producto independiente o como historia de origen, pero resulta en extremo funcional como la pieza clave del rompecabezas ca\u00f3tico que Warner Bros ha intentado arreglar desde que su DCU se descarril\u00f3. El trabajo principal de esta historia es servir como el eslab\u00f3n que unir\u00e1 al resto, cosa que se hace evidente desde que el personaje de Amanda Waller aparece en pantalla, indic\u00e1ndonos que ella ser\u00e1 la Nick Fury de DC, enlazando las historias de todos los personajes. No es gratuita su presencia o que se haya utilizado esta pel\u00edcula para mostrarnos a otros superh\u00e9roes, as\u00ed como la escena post cr\u00e9ditos de la que todo mundo est\u00e1 hablando (que la verdad sea dicha, es mejor que toda la cinta completa) y que nos grita que todo est\u00e1 bien, todo est\u00e1 tomando forma y lo que los fan\u00e1ticos han querido desde el principio por fin se les va a dar.&nbsp;<\/p>\n\n\n\n<p>Black Adam no es una gran pel\u00edcula, ni ser\u00e1 recordada con apasionamiento por los fan\u00e1ticos, pero cumple como el producto comercial de gran presupuesto que es. Dos horas de entretenimiento simple, efectos especiales bien realizados, momentos de humor y grandes dosis de acci\u00f3n. Los rumores sobre la presencia del personaje en otras cintas de este universo cada vez toman m\u00e1s fuerza, porque lo que habr\u00e1 que esperar para saber que rumbo deciden para \u00e9l. S\u00f3lo nos queda esperar al estreno de las dem\u00e1s pel\u00edculas de la compa\u00f1\u00eda para ver si, tal cual sucedi\u00f3 con The Suicide Squad, la calidad aumenta o si dicha cinta fue un caso aislado y DC vivir\u00e1 a la sombra de Marvel como hasta el momento. En mi caso, me quedo con la emoci\u00f3n de la escena post cr\u00e9ditos, que por lo menos en m\u00ed, provoc\u00f3 emoci\u00f3n y esperanzas para el futuro de estos personajes. Tendremos que esperar al 2023 para disipar estas dudas.&nbsp;<\/p>\n","protected":false},"excerpt":{"rendered":"<p>En agosto pasado, debido a la fusi\u00f3n de Warner Bros, propiedad de AT&amp;T, con el grupo Discovery, una serie de cambios y reestructuraciones se hicieron p\u00fablicas, provocando dudas sobre el &hellip; <a href=\"https:\/\/lavereda.com.mx\/index.php\/2022\/10\/28\/black-adam-2022\/\" class=\"more-link\">Leer m\u00e1s<\/a><\/p>\n","protected":false},"author":13,"featured_media":4318,"comment_status":"open","ping_status":"open","sticky":false,"template":"","format":"standard","meta":{"footnotes":""},"categories":[6,18],"tags":[51,40,52],"class_list":["post-4317","post","type-post","status-publish","format-standard","has-post-thumbnail","hentry","category-cinetv","category-lomasrelevante","tag-blackadam","tag-cine","tag-dc","entry"],"_links":{"self":[{"href":"https:\/\/lavereda.com.mx\/index.php\/wp-json\/wp\/v2\/posts\/4317","targetHints":{"allow":["GET"]}}],"collection":[{"href":"https:\/\/lavereda.com.mx\/index.php\/wp-json\/wp\/v2\/posts"}],"about":[{"href":"https:\/\/lavereda.com.mx\/index.php\/wp-json\/wp\/v2\/types\/post"}],"author":[{"embeddable":true,"href":"https:\/\/lavereda.com.mx\/index.php\/wp-json\/wp\/v2\/users\/13"}],"replies":[{"embeddable":true,"href":"https:\/\/lavereda.com.mx\/index.php\/wp-json\/wp\/v2\/comments?post=4317"}],"version-history":[{"count":1,"href":"https:\/\/lavereda.com.mx\/index.php\/wp-json\/wp\/v2\/posts\/4317\/revisions"}],"predecessor-version":[{"id":4319,"href":"https:\/\/lavereda.com.mx\/index.php\/wp-json\/wp\/v2\/posts\/4317\/revisions\/4319"}],"wp:featuredmedia":[{"embeddable":true,"href":"https:\/\/lavereda.com.mx\/index.php\/wp-json\/wp\/v2\/media\/4318"}],"wp:attachment":[{"href":"https:\/\/lavereda.com.mx\/index.php\/wp-json\/wp\/v2\/media?parent=4317"}],"wp:term":[{"taxonomy":"category","embeddable":true,"href":"https:\/\/lavereda.com.mx\/index.php\/wp-json\/wp\/v2\/categories?post=4317"},{"taxonomy":"post_tag","embeddable":true,"href":"https:\/\/lavereda.com.mx\/index.php\/wp-json\/wp\/v2\/tags?post=4317"}],"curies":[{"name":"wp","href":"https:\/\/api.w.org\/{rel}","templated":true}]}}