{"id":4314,"date":"2022-10-27T23:27:36","date_gmt":"2022-10-27T23:27:36","guid":{"rendered":"http:\/\/lavereda.com.mx\/?p=4314"},"modified":"2022-10-27T23:27:38","modified_gmt":"2022-10-27T23:27:38","slug":"la-ua-de-c-entregara-el-premio-del-concurso-nacional-de-ensayo-magdalena-mondragon","status":"publish","type":"post","link":"https:\/\/lavereda.com.mx\/index.php\/2022\/10\/27\/la-ua-de-c-entregara-el-premio-del-concurso-nacional-de-ensayo-magdalena-mondragon\/","title":{"rendered":"La UA de C entregar\u00e1 el premio del concurso nacional de ensayo Magdalena Mondrag\u00f3n"},"content":{"rendered":"\n<p>Este viernes 28 de octubre a las 12:00 horas, en el Aula Magna del Centro Cultural Universitario \u201cBraulio Fern\u00e1ndez Aguirre\u201d de la Universidad Aut\u00f3noma de Coahuila Unidad Tore\u00f3n, se realizar\u00e1 la premiaci\u00f3n del ganador del Concurso Nacional de Ensayo \u201cMagdalena Mondrag\u00f3n 2022: el escritor michoacano Jos\u00e9 Agust\u00edn Sol\u00f3rzano.<\/p>\n\n\n\n<p>El certamen fue convocado por el Departamento de Difusi\u00f3n Cultural de la UAdeC Unidad Torre\u00f3n, en conjunto con Plaza Cuatro Caminos, la C\u00e1mara Nacional de la Industria de Transformaci\u00f3n de Torre\u00f3n (CANACINTRA Torre\u00f3n) y la Comunidad de Instituciones de Educaci\u00f3n Superior en La Laguna (CIESLAG).<\/p>\n\n\n\n<p>El narrador y ensayista michoacano Jos\u00e9 Agust\u00edn Sol\u00f3rzano recibir\u00e1 el primer lugar del Concurso Nacional de Ensayo Magdalena Mondrag\u00f3n 2022 de manos del rector de la Universidad Aut\u00f3noma de Coahuila, Salvador Hern\u00e1ndez V\u00e9lez, por el texto ganador que se titula \u201cMil y un males de los libros\u201d, ensayo propositivo, novedoso, que dialoga con los pensadores fundamentales sobre la tradici\u00f3n literaria.<\/p>\n\n\n\n<p>El autor hace un recorrido por la historia del libro con conocimiento, oficio literario, con esp\u00edritu investigador y un aparato cr\u00edtico confiable; de entre m\u00e1s de 140 participantes del pa\u00eds el jurado tuvo una ardua labor de selecci\u00f3n, el cual estuvo integrado por Carlos L\u00f3pez, escritor, fundador de Editorial Praxis y miembro honorario de la Academia Guatemalteca de la Lengua; Rita Holmbaeck, escritora, guionista y catedr\u00e1tica de Casa Lamm, y Sa\u00fal Rosales, escritor, maestro y miembro correspondiente de la Academia Mexicana de la Lengua.<\/p>\n\n\n\n<p>Jos\u00e9 Agust\u00edn cuenta con doce obras escritas de diversos g\u00e9neros como poes\u00eda, ensayo y novela. Ha recibido importantes reconocimientos, entre otros, el Premio Nacional de Novela Joven Jos\u00e9 Revueltas por Armadura de Aquiles. En 2017 fue ganador de los Juegos Florales Nacionales de Lagos de Moreno y de la Condecoraci\u00f3n al M\u00e9rito Juvenil de Morelia.<\/p>\n\n\n\n<p>Esta edici\u00f3n es la n\u00famero 32 y lleva el nombre de la escritora, poeta y dramaturga torreonense Magdalena Mondrag\u00f3n, multipremiada y primera mujer en dirigir \u201cLa Prensa\u201d, un peri\u00f3dico de circulaci\u00f3n nacional.<\/p>\n","protected":false},"excerpt":{"rendered":"<p>Este viernes 28 de octubre a las 12:00 horas, en el Aula Magna del Centro Cultural Universitario \u201cBraulio Fern\u00e1ndez Aguirre\u201d de la Universidad Aut\u00f3noma de Coahuila Unidad Tore\u00f3n, se realizar\u00e1 &hellip; <a href=\"https:\/\/lavereda.com.mx\/index.php\/2022\/10\/27\/la-ua-de-c-entregara-el-premio-del-concurso-nacional-de-ensayo-magdalena-mondragon\/\" class=\"more-link\">Leer m\u00e1s<\/a><\/p>\n","protected":false},"author":1,"featured_media":4315,"comment_status":"open","ping_status":"open","sticky":false,"template":"","format":"standard","meta":{"footnotes":""},"categories":[5,18],"tags":[],"class_list":["post-4314","post","type-post","status-publish","format-standard","has-post-thumbnail","hentry","category-letras-y-libros","category-lomasrelevante","entry"],"_links":{"self":[{"href":"https:\/\/lavereda.com.mx\/index.php\/wp-json\/wp\/v2\/posts\/4314","targetHints":{"allow":["GET"]}}],"collection":[{"href":"https:\/\/lavereda.com.mx\/index.php\/wp-json\/wp\/v2\/posts"}],"about":[{"href":"https:\/\/lavereda.com.mx\/index.php\/wp-json\/wp\/v2\/types\/post"}],"author":[{"embeddable":true,"href":"https:\/\/lavereda.com.mx\/index.php\/wp-json\/wp\/v2\/users\/1"}],"replies":[{"embeddable":true,"href":"https:\/\/lavereda.com.mx\/index.php\/wp-json\/wp\/v2\/comments?post=4314"}],"version-history":[{"count":1,"href":"https:\/\/lavereda.com.mx\/index.php\/wp-json\/wp\/v2\/posts\/4314\/revisions"}],"predecessor-version":[{"id":4316,"href":"https:\/\/lavereda.com.mx\/index.php\/wp-json\/wp\/v2\/posts\/4314\/revisions\/4316"}],"wp:featuredmedia":[{"embeddable":true,"href":"https:\/\/lavereda.com.mx\/index.php\/wp-json\/wp\/v2\/media\/4315"}],"wp:attachment":[{"href":"https:\/\/lavereda.com.mx\/index.php\/wp-json\/wp\/v2\/media?parent=4314"}],"wp:term":[{"taxonomy":"category","embeddable":true,"href":"https:\/\/lavereda.com.mx\/index.php\/wp-json\/wp\/v2\/categories?post=4314"},{"taxonomy":"post_tag","embeddable":true,"href":"https:\/\/lavereda.com.mx\/index.php\/wp-json\/wp\/v2\/tags?post=4314"}],"curies":[{"name":"wp","href":"https:\/\/api.w.org\/{rel}","templated":true}]}}