{"id":431,"date":"2020-08-16T18:52:15","date_gmt":"2020-08-16T18:52:15","guid":{"rendered":"https:\/\/web.lavereda.com.mx\/?p=431"},"modified":"2020-08-19T15:40:46","modified_gmt":"2020-08-19T15:40:46","slug":"rompi-temporalmente-el-aislamiento","status":"publish","type":"post","link":"https:\/\/lavereda.com.mx\/index.php\/2020\/08\/16\/rompi-temporalmente-el-aislamiento\/","title":{"rendered":"Cr\u00f3nica del d\u00eda que romp\u00ed (temporalmente) el aislamiento"},"content":{"rendered":"\n<p>El asunto comenz\u00f3, creo, el jueves por la tarde. Quemaba yo las horas frente al computador, entretenido con alg\u00fan trabajo mon\u00f3tono e intrascendente; papeleo que nunca falta en las oficinas. Aquella tarde estaba en casa porque la pandemia obligaba a los viejos a recluirse para evitar ser uno m\u00e1s en la estad\u00edstica de la conferencia diaria -masculino, 62 a\u00f1os, sano.<\/p>\n\n\n\n<p>Tiempos tristes se viv\u00edan en Monterrey; tiempos de recogimiento y temor, como de cuaresma del siglo antepasado; solo nos faltaba cubrir los espejos con pa\u00f1os negros. De repente sent\u00ed una punzada en la espalda baja y siniestra. Intent\u00e9 reducir el dolor con un masaje suave, mientras segu\u00eda enviando correos electr\u00f3nicos con la otra mano. Subi\u00f3 de intensidad muy r\u00e1pido y me oblig\u00f3 a estirarme. Esta maldita silla inc\u00f3moda me traer\u00e1 problemas con la columna otra vez. Son problemas ya superados; mal superados es cierto, pero de alguna forma ya en el pasado. El dolor segu\u00eda con tenacidad de pordiosero. Decid\u00ed levantarme y dar unos pasos en la habitaci\u00f3n.&nbsp;<\/p>\n\n\n\n<p>Hac\u00eda calor. Tom\u00e9 el control del aire acondicionado, pero me detuve pensando que el fr\u00edo es mal compa\u00f1ero para los dolores de espalda. En estos casos es mejor la sensualidad del calor h\u00famedo. El asunto adquiri\u00f3 tonalidades violentas, como si de un navajazo se tratara. Decid\u00ed buscar ayuda profesional, algo complicado en esos tiempos en que la desconfianza en el otro alcanzaba niveles insospechados. Llam\u00e9 a un m\u00e9dico conocido que acept\u00f3 diagnosticarme de o\u00eddas, con el riesgo que eso implica, como ya se ver\u00e1 m\u00e1s adelante. Coincidi\u00f3 conmigo en que se trataba de un dolor muscular y pregunt\u00f3 inteligentemente por los medicamentos disponibles en casa, para evitar forzarme a romper mi asc\u00e9tico aislamiento.&nbsp;<\/p>\n\n\n\n<p>Una p\u00edldora me alivi\u00f3 las molestias por completo. Pude continuar con mi rutina de presidiario y llegar hasta el reposo nocturno, que en esos d\u00edas se ve\u00eda interrumpido con demasiada frecuencia por angustias existenciales y terrores catastr\u00f3ficos. Esa noche pude dormir tranquilamente hasta que el dolor dio la vuelta y me embisti\u00f3 de nuevo, con la fuerza de un Miura de seiscientos kilos. Busqu\u00e9 el remedio conocido y con angustia descubr\u00ed que lo hab\u00eda dejado en el piso inferior. El camino se hizo largo y sinuoso, las piernas eran de trapo y caminaba cual marinero en tierra firme. Confieso que sent\u00ed miedo de aquel malestar desconocido que me asaltaba a mitad de la noche, cuando es m\u00e1s dif\u00edcil conseguir ayuda.<\/p>\n\n\n\n<p>La segunda p\u00edldora trajo paz en abonos, pero la mente ya estaba en plan de correr desbocada. No pude volver a dormir. De repente sent\u00ed el timbrazo de la vejiga que reclamaba alivio inmediato. Lo que hace a\u00f1os era una catarata vigorosa y alegre se hab\u00eda convertido en un manso arroyito cantar\u00edn que discurr\u00eda suavemente. Las tonalidades del flujo eran extra\u00f1as, de un color pardo, como de vino pasado. \u00bfSer\u00e1 sangre? En ese momento decid\u00ed despertar a mi esposa para que me llevara al hospital. Sab\u00edamos, previsores que somos, que uno en particular se hab\u00eda declarado no-COVID y hacia all\u00e1 nos lanzamos. Eran ya las horas de los ladrones y malvivientes, cuando los que tienen la conciencia apagada est\u00e1n en lo m\u00e1s profundo del sue\u00f1o.<\/p>\n\n\n\n<p>Navegamos la noche con una suavidad acelerada. La ciudad me pareci\u00f3 extra\u00f1a, como un amigo al que hace tiempo no ves y ahora encuentras viejo y demacrado. Al subir una pendiente vimos las luces intermitentes de unas patrullas que guardaban la entrada de San Pedro para prevenir que los contagios regresen al lugar en que se present\u00f3 el primero. Han creado una muralla que a\u00edsla al municipio m\u00e1s rico del pa\u00eds. Los polic\u00edas, cansados y ojerosos, nos dejaron pasar r\u00e1pido. La cornada se hab\u00eda reducido al recuerdo de un golpe viejo.<\/p>\n\n\n\n<p>La entrada a Urgencias en el hospital fue m\u00e1s dif\u00edcil que anotarle un gol a Alemania. Hubo que librar dos barreras que pretenden evitar la entrada del virus al hospital. No pude dejar de pensar que, si viniera infartado, estas demoras podr\u00edan significar la diferencia entre seguir aqu\u00ed y despedirse para siempre. Adentro hubo que rebasar la segunda l\u00ednea de defensa antes de poder hablar con una enfermera, solo para encontrar el muro defensivo final: hay que hacerse la prueba COVID y tal vez el seguro no la cubra.<\/p>\n\n\n\n<p>La prueba r\u00e1pida y una radiograf\u00eda de pecho confirmaron que el virus a\u00fan no me encontraba y los doctores pudieron, al fin, iniciar el diagn\u00f3stico de mi dolencia. Eso no me libr\u00f3 de que una enfermera introdujera profundamente un isopo en la nariz para la prueba reina.<\/p>\n\n\n\n<p>Varios an\u00e1lisis qu\u00edmicos y un TAC despu\u00e9s, conoc\u00ed la naturaleza de mis pesares: una piedra de regulares dimensiones hab\u00edase alojado, cual paracaidista sin papeles, en mis v\u00edas urinarias. Cuando llegu\u00e9 a la habitaci\u00f3n del hospital ca\u00ed en la cuenta de que hab\u00eda vuelto la reclusi\u00f3n. Fueron tres d\u00edas en que el aburrimiento se alternaba con el dolor. Finalmente, el lunes, creo, un procedimiento quir\u00fargico me liber\u00f3 de la infernal piedrecilla. Al d\u00eda siguiente volvimos a casa.<\/p>\n\n\n\n<p>Monterrey, NL a 17 de julio del 2020.<\/p>\n","protected":false},"excerpt":{"rendered":"<p>El asunto comenz\u00f3, creo, el jueves por la tarde. Quemaba yo las horas frente al computador, entretenido con alg\u00fan trabajo mon\u00f3tono e intrascendente; papeleo que nunca falta en las oficinas. Aquella tarde estaba en casa porque la pandemia obligaba a los viejos a recluirse para evitar ser uno m\u00e1s en la estad\u00edstica de la conferencia diaria -masculino, 62 a\u00f1os, sano.<\/p>\n","protected":false},"author":4,"featured_media":432,"comment_status":"open","ping_status":"open","sticky":false,"template":"","format":"standard","meta":{"footnotes":""},"categories":[18,8],"tags":[],"class_list":["post-431","post","type-post","status-publish","format-standard","has-post-thumbnail","hentry","category-lomasrelevante","category-sociedad","entry"],"_links":{"self":[{"href":"https:\/\/lavereda.com.mx\/index.php\/wp-json\/wp\/v2\/posts\/431","targetHints":{"allow":["GET"]}}],"collection":[{"href":"https:\/\/lavereda.com.mx\/index.php\/wp-json\/wp\/v2\/posts"}],"about":[{"href":"https:\/\/lavereda.com.mx\/index.php\/wp-json\/wp\/v2\/types\/post"}],"author":[{"embeddable":true,"href":"https:\/\/lavereda.com.mx\/index.php\/wp-json\/wp\/v2\/users\/4"}],"replies":[{"embeddable":true,"href":"https:\/\/lavereda.com.mx\/index.php\/wp-json\/wp\/v2\/comments?post=431"}],"version-history":[{"count":2,"href":"https:\/\/lavereda.com.mx\/index.php\/wp-json\/wp\/v2\/posts\/431\/revisions"}],"predecessor-version":[{"id":477,"href":"https:\/\/lavereda.com.mx\/index.php\/wp-json\/wp\/v2\/posts\/431\/revisions\/477"}],"wp:featuredmedia":[{"embeddable":true,"href":"https:\/\/lavereda.com.mx\/index.php\/wp-json\/wp\/v2\/media\/432"}],"wp:attachment":[{"href":"https:\/\/lavereda.com.mx\/index.php\/wp-json\/wp\/v2\/media?parent=431"}],"wp:term":[{"taxonomy":"category","embeddable":true,"href":"https:\/\/lavereda.com.mx\/index.php\/wp-json\/wp\/v2\/categories?post=431"},{"taxonomy":"post_tag","embeddable":true,"href":"https:\/\/lavereda.com.mx\/index.php\/wp-json\/wp\/v2\/tags?post=431"}],"curies":[{"name":"wp","href":"https:\/\/api.w.org\/{rel}","templated":true}]}}