{"id":4305,"date":"2022-10-27T13:13:35","date_gmt":"2022-10-27T13:13:35","guid":{"rendered":"http:\/\/lavereda.com.mx\/?p=4305"},"modified":"2022-10-27T13:16:04","modified_gmt":"2022-10-27T13:16:04","slug":"presentan-regina-un-viaje-a-mictlan-en-el-marco-del-dia-de-muertos","status":"publish","type":"post","link":"https:\/\/lavereda.com.mx\/index.php\/2022\/10\/27\/presentan-regina-un-viaje-a-mictlan-en-el-marco-del-dia-de-muertos\/","title":{"rendered":"Presentan \u00abRegina, un viaje al Mictl\u00e1n\u00bb en el marco del D\u00eda de Muertos"},"content":{"rendered":"\n<p>En el marco de las celebraciones por el d\u00eda de muertos, AV Bistro Caf\u00e9, se convertir\u00e1 en el escenario para la puesta en escena de \u201cRegina. Un Viaje al Mictl\u00e1n\u201d, escrita por Victor Omar Elizalde Gonz\u00e1lez, dirigida por Claudia Isabel Mon\u00e1rrez Favela y Disley Rodr\u00edguez Asencio. Contar\u00e1 con la producci\u00f3n de Enrique Villavicencio Torres, Zeus Ayax Reyes y Enrique Villavicencio Aldape.&nbsp;<\/p>\n\n\n\n<p>La sinopsis del montaje es: aprovechando los portales que se abren el 2 de noviembre entre el mundo de los vivos y los muertos, Regina, una ni\u00f1a con condici\u00f3n asm\u00e1tica, buscar\u00e1 reencontrarse con su desaparecido padre a quien jam\u00e1s regresaron los revolucionarios. Con la ayuda de su Nana y don Refugio (don Cuco), la peque\u00f1a Regina buscar\u00e1 cruzar el umbral dejando atr\u00e1s su mundo para adentrarse en un inesperado viaje al Mictl\u00e1n.&nbsp;<\/p>\n\n\n\n<p>El elenco lo componen Ana Varenka Rom\u00e1n (Regina), Andr\u00e9s Garc\u00eda (don Cuco), Rominique Riccio (Nana), Omar Garc\u00eda Cicero (don Federico), Claudia Mon\u00e1rrez (do\u00f1a Martina), Carlos Daniel (Nahual), Sof\u00eda Valdez (Nahual), Sheccid Yoseff (Nahual), Apolo Elohim (Nahual).&nbsp;<\/p>\n\n\n\n<p>El estreno de la obra se realizar\u00e1 el 1 de noviembre de 2022, a las 9:00 pm en Av Bistro Caf\u00e9, y la temporada se extiende hasta el s\u00e1bado 5 de noviembre de 2022 en el mismo horario, con una funci\u00f3n diaria durante toda la semana.&nbsp;<\/p>\n\n\n\n<p>Las entradas para la obra se encuentran disponibles a la venta con previa reservaci\u00f3n al n\u00famero 8711606245. Costos $500 experiencia sin cena, $750 incluye cena.&nbsp;<\/p>\n\n\n\n<p>Seg\u00fan los organizadores el p\u00fablico podr\u00e1 vivir una experiencia teatral inmersiva junto a los personajes en su camino al Mictl\u00e1n, con la gu\u00eda de los nahuales. As\u00ed como adentrarse en el significado del tradicional altar de muertos que formar\u00e1 parte del dise\u00f1o escenogr\u00e1fico de la locaci\u00f3n y que estar\u00e1 elaborado e intencionado por \u00c1ngeles Torres. \u00abSer\u00e1n noches m\u00e1gicas colmadas de misticismo, historia, tradiciones y copal\u00bb, afirmaron.&nbsp;<\/p>\n","protected":false},"excerpt":{"rendered":"<p>En el marco de las celebraciones por el d\u00eda de muertos, AV Bistro Caf\u00e9, se convertir\u00e1 en el escenario para la puesta en escena de \u201cRegina. Un Viaje al Mictl\u00e1n\u201d, &hellip; <a href=\"https:\/\/lavereda.com.mx\/index.php\/2022\/10\/27\/presentan-regina-un-viaje-a-mictlan-en-el-marco-del-dia-de-muertos\/\" class=\"more-link\">Leer m\u00e1s<\/a><\/p>\n","protected":false},"author":1,"featured_media":4307,"comment_status":"open","ping_status":"open","sticky":false,"template":"","format":"standard","meta":{"footnotes":""},"categories":[2],"tags":[50,36],"class_list":["post-4305","post","type-post","status-publish","format-standard","has-post-thumbnail","hentry","category-artes-escenicas","tag-dia-de-muertos","tag-teatro","entry"],"_links":{"self":[{"href":"https:\/\/lavereda.com.mx\/index.php\/wp-json\/wp\/v2\/posts\/4305","targetHints":{"allow":["GET"]}}],"collection":[{"href":"https:\/\/lavereda.com.mx\/index.php\/wp-json\/wp\/v2\/posts"}],"about":[{"href":"https:\/\/lavereda.com.mx\/index.php\/wp-json\/wp\/v2\/types\/post"}],"author":[{"embeddable":true,"href":"https:\/\/lavereda.com.mx\/index.php\/wp-json\/wp\/v2\/users\/1"}],"replies":[{"embeddable":true,"href":"https:\/\/lavereda.com.mx\/index.php\/wp-json\/wp\/v2\/comments?post=4305"}],"version-history":[{"count":3,"href":"https:\/\/lavereda.com.mx\/index.php\/wp-json\/wp\/v2\/posts\/4305\/revisions"}],"predecessor-version":[{"id":4309,"href":"https:\/\/lavereda.com.mx\/index.php\/wp-json\/wp\/v2\/posts\/4305\/revisions\/4309"}],"wp:featuredmedia":[{"embeddable":true,"href":"https:\/\/lavereda.com.mx\/index.php\/wp-json\/wp\/v2\/media\/4307"}],"wp:attachment":[{"href":"https:\/\/lavereda.com.mx\/index.php\/wp-json\/wp\/v2\/media?parent=4305"}],"wp:term":[{"taxonomy":"category","embeddable":true,"href":"https:\/\/lavereda.com.mx\/index.php\/wp-json\/wp\/v2\/categories?post=4305"},{"taxonomy":"post_tag","embeddable":true,"href":"https:\/\/lavereda.com.mx\/index.php\/wp-json\/wp\/v2\/tags?post=4305"}],"curies":[{"name":"wp","href":"https:\/\/api.w.org\/{rel}","templated":true}]}}