{"id":4301,"date":"2022-10-25T02:30:59","date_gmt":"2022-10-25T02:30:59","guid":{"rendered":"http:\/\/lavereda.com.mx\/?p=4301"},"modified":"2022-10-25T02:31:01","modified_gmt":"2022-10-25T02:31:01","slug":"francisco-castro-lenero-uno-de-los-mejores-exponentes-del-arte-contemporaneo-en-mexico","status":"publish","type":"post","link":"https:\/\/lavereda.com.mx\/index.php\/2022\/10\/25\/francisco-castro-lenero-uno-de-los-mejores-exponentes-del-arte-contemporaneo-en-mexico\/","title":{"rendered":"Francisco Castro Le\u00f1ero, uno de los mejores exponentes del arte contempor\u00e1neo en M\u00e9xico"},"content":{"rendered":"\n<ul class=\"wp-block-list\"><li><strong>El grabador y escultor mexicano fue mentor de varias generaciones de estudiantes que formaron parte de su taller<\/strong><\/li><\/ul>\n\n\n\n<p>La Secretar\u00eda de Cultura del Gobierno de M\u00e9xico y el Instituto Nacional de Bellas Artes y Literatura (Inbal) lamentaron el sensible deceso del artista Francisco Castro Le\u00f1ero, quien realiz\u00f3 instalaci\u00f3n, escultura y obra gr\u00e1fica, ocurrido hoy, martes 24 de octubre en la Ciudad de M\u00e9xico.<\/p>\n\n\n\n<p>La secretaria de Cultura federal, Alejandra Frausto Guerrero, coment\u00f3: \u201cLamentamos el sensible fallecimiento de Francisco Castro Le\u00f1ero, uno de los mejores exponentes del arte contempor\u00e1neo en M\u00e9xico. La versatilidad y fineza de sus trazos dejan el vivo recuerdo de su persona en cada una de sus obras\u201d.<\/p>\n\n\n\n<p>Por su parte, la titular del Inbal, Lucina Jim\u00e9nez L\u00f3pez, expres\u00f3 su solidaridad con la familia del artista pl\u00e1stico: \u201cCon cari\u00f1o, abrazamos a Irma Palacios y a la familia Castro Le\u00f1ero\u201d, al destacar que Francisco Castro Le\u00f1ero \u201cluch\u00f3 hasta sus \u00faltimos momentos con firmeza y rodeado de amor. Su contribuci\u00f3n al arte y dise\u00f1o mexicanos y el aprecio de la comunidad art\u00edstica continuar\u00e1\u201d.<\/p>\n\n\n\n<p>Castro Le\u00f1ero, quien naci\u00f3 en la Ciudad de M\u00e9xico en 1954, fue pintor y grabador, quien imprimi\u00f3 un profundo inter\u00e9s por el color, la geometr\u00eda y el trazo; permaneci\u00f3 en la Escuela Nacional de Pintura, Escultura y Grabado&nbsp;<em>La Esmeralda<\/em>&nbsp;del Inbal entre 1975 y 1981. Durante sus a\u00f1os formativos, obtuvo una beca de dos a\u00f1os para estudiar dise\u00f1o en Italia.<\/p>\n\n\n\n<p>En 1982 realiz\u00f3 su primera exposici\u00f3n individual en la entonces Galer\u00eda del Auditorio Nacional; en este mismo a\u00f1o se dedic\u00f3 a la docencia al impartir clases de dibujo en la Escuela Nacional de Artes Pl\u00e1sticas de la Universidad Nacional Aut\u00f3noma de M\u00e9xico (UNAM).<\/p>\n\n\n\n<p>Cabe se\u00f1alar que fue mentor de varias generaciones de estudiantes que formaron parte de su taller y que han reconocido su gran labor como docente. Junto con Luis Argud\u00edn, Jos\u00e9 Miguel Gonz\u00e1lez Casanova y Eloy Tarcisio, fund\u00f3 el Taller Experimental \u201cLa colmena\u201d, donde recibieron a los estudiantes m\u00e1s sobresalientes.<\/p>\n\n\n\n<p>Castro Le\u00f1ero imparti\u00f3 cursos en escuelas del pa\u00eds y del extranjero, entre ellas La Fayette College en Pensilvania y la Universidad de las Artes en Phnom Penh, capital de Camboya, invitado por el tambi\u00e9n pintor y grabador Fernando Aceves Humana.<\/p>\n\n\n\n<p>Dos a\u00f1os despu\u00e9s de su primera exposici\u00f3n individual (1982), dio a conocer su obra en los Talleres de Coyoac\u00e1n; en 1992 en el Museo&nbsp;<em>Jos\u00e9 Guadalupe Posada<\/em>&nbsp;en Aguascalientes, al a\u00f1o siguiente en la Galer\u00eda&nbsp;<em>Juan Mart\u00edn<\/em>&nbsp;de la Ciudad de M\u00e9xico y posteriormente en el Museo de Arte Moderno, ubicado tambi\u00e9n en la capital del pa\u00eds. En 1999 expuso en el Museo de Arte&nbsp;<em>Carrillo Gil<\/em>; en 2002 en el Instituto de Artes Gr\u00e1ficas de Oaxaca (IAGO) y en varias ocasiones en la extinta Galer\u00eda de Arte Contempor\u00e1neo en la Ciudad de M\u00e9xico.<\/p>\n\n\n\n<p>Su obra forma parte de numerosos acervos, entre los que se encuentran el Museo de Arte Moderno de Nueva York, el Museo Tamayo Arte Contempor\u00e1neo, la Fundaci\u00f3n Jumex, el Museo Jos\u00e9 Luis Cuevas y el Centro Cultural Arte Contempor\u00e1neo.<\/p>\n\n\n\n<p>El Museo Nacional de la Estampa (Munae) y el Museo de Arte Moderno (MAM), recintos que forma parte de la Red de Museos del Inbal, tienen en sus acervos piezas relevantes del artista, como son las de la serie&nbsp;<em>Ciudad en fuga<\/em>, que resguarda el MAM, y la obra&nbsp;<em>Escritura\/Estructura<\/em>&nbsp;de la colecci\u00f3n del Munae.<\/p>\n\n\n\n<p>Desde 1999 fue miembro del Sistema Nacional de Creadores del Fonca, integrante de la Academia de Artes desde 2020 y miembro fundador de Talleres de Arte Contempor\u00e1neo TACO A.C.<\/p>\n","protected":false},"excerpt":{"rendered":"<p>El grabador y escultor mexicano fue mentor de varias generaciones de estudiantes que formaron parte de su taller La Secretar\u00eda de Cultura del Gobierno de M\u00e9xico y el Instituto Nacional &hellip; <a href=\"https:\/\/lavereda.com.mx\/index.php\/2022\/10\/25\/francisco-castro-lenero-uno-de-los-mejores-exponentes-del-arte-contemporaneo-en-mexico\/\" class=\"more-link\">Leer m\u00e1s<\/a><\/p>\n","protected":false},"author":1,"featured_media":4302,"comment_status":"open","ping_status":"open","sticky":false,"template":"","format":"standard","meta":{"footnotes":""},"categories":[3,18],"tags":[],"class_list":["post-4301","post","type-post","status-publish","format-standard","has-post-thumbnail","hentry","category-artes-visuales","category-lomasrelevante","entry"],"_links":{"self":[{"href":"https:\/\/lavereda.com.mx\/index.php\/wp-json\/wp\/v2\/posts\/4301","targetHints":{"allow":["GET"]}}],"collection":[{"href":"https:\/\/lavereda.com.mx\/index.php\/wp-json\/wp\/v2\/posts"}],"about":[{"href":"https:\/\/lavereda.com.mx\/index.php\/wp-json\/wp\/v2\/types\/post"}],"author":[{"embeddable":true,"href":"https:\/\/lavereda.com.mx\/index.php\/wp-json\/wp\/v2\/users\/1"}],"replies":[{"embeddable":true,"href":"https:\/\/lavereda.com.mx\/index.php\/wp-json\/wp\/v2\/comments?post=4301"}],"version-history":[{"count":1,"href":"https:\/\/lavereda.com.mx\/index.php\/wp-json\/wp\/v2\/posts\/4301\/revisions"}],"predecessor-version":[{"id":4303,"href":"https:\/\/lavereda.com.mx\/index.php\/wp-json\/wp\/v2\/posts\/4301\/revisions\/4303"}],"wp:featuredmedia":[{"embeddable":true,"href":"https:\/\/lavereda.com.mx\/index.php\/wp-json\/wp\/v2\/media\/4302"}],"wp:attachment":[{"href":"https:\/\/lavereda.com.mx\/index.php\/wp-json\/wp\/v2\/media?parent=4301"}],"wp:term":[{"taxonomy":"category","embeddable":true,"href":"https:\/\/lavereda.com.mx\/index.php\/wp-json\/wp\/v2\/categories?post=4301"},{"taxonomy":"post_tag","embeddable":true,"href":"https:\/\/lavereda.com.mx\/index.php\/wp-json\/wp\/v2\/tags?post=4301"}],"curies":[{"name":"wp","href":"https:\/\/api.w.org\/{rel}","templated":true}]}}