{"id":4293,"date":"2022-10-21T14:19:45","date_gmt":"2022-10-21T14:19:45","guid":{"rendered":"http:\/\/lavereda.com.mx\/?p=4293"},"modified":"2022-10-21T14:20:07","modified_gmt":"2022-10-21T14:20:07","slug":"elisa-carillo-ofrece-gala-de-ballet-en-el-auditorio-nacional","status":"publish","type":"post","link":"https:\/\/lavereda.com.mx\/index.php\/2022\/10\/21\/elisa-carillo-ofrece-gala-de-ballet-en-el-auditorio-nacional\/","title":{"rendered":"Elisa Carillo ofrece gala de ballet en el Auditorio Nacional"},"content":{"rendered":"\n<ul class=\"wp-block-list\"><li><strong>La mexicana bailar\u00e1 como solista \u201cBolero\u201d de Maurice B\u00e9jart el pr\u00f3ximo 30 de octubre<\/strong>.<\/li><\/ul>\n\n\n\n<p>Como parte de la gala Elisa y amigos, la bailarina Elisa Carrillo y primeros bailarines y bailarinas de diversas compa\u00f1\u00edas del mundo presentar\u00e1n la pieza \u201cBolero\u201d, de Maurice B\u00e9jart, en el escenario del Auditorio Nacional, el pr\u00f3ximo 30 de octubre.<\/p>\n\n\n\n<p>Es una funci\u00f3n \u00fanica en la que el p\u00fablico podr\u00e1 disfrutar del ballet en sus expresiones cl\u00e1sicas y contempor\u00e1neas, de la mano de la primera bailarina del Staatsballett Berl\u00edn y orgullo de M\u00e9xico, Elisa Carrillo, quien es la primera mexicana que interpreta el papel principal en la obra de Maurice B\u00e9jart.<\/p>\n\n\n\n<p>Esta pieza ic\u00f3nica se concibe a partir de la hipn\u00f3tica melod\u00eda de Ravel presentada in crescendo, en tanto que la coreograf\u00eda de B\u00e9jart sit\u00faa a un \u00fanico personaje, una mujer, al centro de un colectivo masculino que la rodea, observa, imita, admira y asecha en un momento que va de lo sutil a lo el\u00e9ctrico.<\/p>\n\n\n\n<p>Por su parte, la obra de Ravel emplea varios \u00abingredientes\u00bb que la convierten en algo fascinante. Dos frases musicales muy largas, siempre repetidas dos veces, una tocada en mayor y otra en menor, recorren toda la obra, apoyadas en un patr\u00f3n r\u00edtmico obsesivo que es la base de esta danza espa\u00f1ola.<\/p>\n\n\n\n<p>Al respecto, Maurice B\u00e9jart se\u00f1al\u00f3 que la obra de Ravel era \u00abuna m\u00fasica demasiado conocida y, sin embargo, siempre nueva por su sencillez\u00bb. El autor calific\u00f3 esta melod\u00eda como una pieza que serpentea sin cesar en torno a s\u00ed misma, aumentando en volumen e intensidad, devorando el espacio sonoro y, al final, engullendo la melod\u00eda.<\/p>\n\n\n\n<p>En tanto, cabe recordar que Elisa Carrillo, primera bailarina del Staatsballett Berl\u00edn, una de las diez compa\u00f1\u00edas de ballet m\u00e1s reconocidas en el mundo, es adem\u00e1s embajadora de la Cultura de M\u00e9xico y Miembro del Consejo Internacional de Danza en la Unesco.&nbsp; Se trata de la \u00fanica mexicana y la primera Latinoamericana que ha ganado los tres premios m\u00e1s importantes de la danza a nivel internacional: el Prix Benois de la Danse, el Alma de la Danza de Rusia y el Festival Dance Open en San Petersburgo.<\/p>\n\n\n\n<p>La coreograf\u00eda de Maurice B\u00e9jart, \u201cBolero\u201d se presentar\u00e1 en el escenario del Auditorio Nacional el pr\u00f3ximo 30 de octubre.<\/p>\n\n\n\n<p><em>Foto: Cortes\u00eda<\/em><\/p>\n","protected":false},"excerpt":{"rendered":"<p>La mexicana bailar\u00e1 como solista \u201cBolero\u201d de Maurice B\u00e9jart el pr\u00f3ximo 30 de octubre. Como parte de la gala Elisa y amigos, la bailarina Elisa Carrillo y primeros bailarines y &hellip; <a href=\"https:\/\/lavereda.com.mx\/index.php\/2022\/10\/21\/elisa-carillo-ofrece-gala-de-ballet-en-el-auditorio-nacional\/\" class=\"more-link\">Leer m\u00e1s<\/a><\/p>\n","protected":false},"author":1,"featured_media":4294,"comment_status":"open","ping_status":"open","sticky":false,"template":"","format":"standard","meta":{"footnotes":""},"categories":[2,18],"tags":[45,46],"class_list":["post-4293","post","type-post","status-publish","format-standard","has-post-thumbnail","hentry","category-artes-escenicas","category-lomasrelevante","tag-danza","tag-elisacarrillo","entry"],"_links":{"self":[{"href":"https:\/\/lavereda.com.mx\/index.php\/wp-json\/wp\/v2\/posts\/4293","targetHints":{"allow":["GET"]}}],"collection":[{"href":"https:\/\/lavereda.com.mx\/index.php\/wp-json\/wp\/v2\/posts"}],"about":[{"href":"https:\/\/lavereda.com.mx\/index.php\/wp-json\/wp\/v2\/types\/post"}],"author":[{"embeddable":true,"href":"https:\/\/lavereda.com.mx\/index.php\/wp-json\/wp\/v2\/users\/1"}],"replies":[{"embeddable":true,"href":"https:\/\/lavereda.com.mx\/index.php\/wp-json\/wp\/v2\/comments?post=4293"}],"version-history":[{"count":2,"href":"https:\/\/lavereda.com.mx\/index.php\/wp-json\/wp\/v2\/posts\/4293\/revisions"}],"predecessor-version":[{"id":4296,"href":"https:\/\/lavereda.com.mx\/index.php\/wp-json\/wp\/v2\/posts\/4293\/revisions\/4296"}],"wp:featuredmedia":[{"embeddable":true,"href":"https:\/\/lavereda.com.mx\/index.php\/wp-json\/wp\/v2\/media\/4294"}],"wp:attachment":[{"href":"https:\/\/lavereda.com.mx\/index.php\/wp-json\/wp\/v2\/media?parent=4293"}],"wp:term":[{"taxonomy":"category","embeddable":true,"href":"https:\/\/lavereda.com.mx\/index.php\/wp-json\/wp\/v2\/categories?post=4293"},{"taxonomy":"post_tag","embeddable":true,"href":"https:\/\/lavereda.com.mx\/index.php\/wp-json\/wp\/v2\/tags?post=4293"}],"curies":[{"name":"wp","href":"https:\/\/api.w.org\/{rel}","templated":true}]}}