{"id":4285,"date":"2022-10-19T02:14:20","date_gmt":"2022-10-19T02:14:20","guid":{"rendered":"http:\/\/lavereda.com.mx\/?p=4285"},"modified":"2022-10-19T02:14:21","modified_gmt":"2022-10-19T02:14:21","slug":"difunde-un-mensaje-de-amor-e-inclusion-a-traves-de-un-cuento-infantil","status":"publish","type":"post","link":"https:\/\/lavereda.com.mx\/index.php\/2022\/10\/19\/difunde-un-mensaje-de-amor-e-inclusion-a-traves-de-un-cuento-infantil\/","title":{"rendered":"Difunde un mensaje de amor e inclusi\u00f3n a trav\u00e9s de un cuento infantil"},"content":{"rendered":"\n<p>La 1\u00aa Feria del Libro Infantil y Juvenil de Torre\u00f3n dej\u00f3 muchas ense\u00f1anzas en el p\u00fablico de todas las edades. Una de ellas es que hay que aprender a amar la diversidad y a entender que en la diferencia radica la autenticidad de todas las personas.<\/p>\n\n\n\n<p>En el segundo d\u00eda de este encuentro, que concluy\u00f3 el pasado lunes, se present\u00f3 el libro \u201cEli, la Jirafa sin manchas\u201d de la escritora Lorena Gonz\u00e1lez, directora de la fundaci\u00f3n Imagira en Saltillo, quien public\u00f3 un entra\u00f1able cuento infantil para crear conciencia hacia el tema de la inclusi\u00f3n.<\/p>\n\n\n\n<p>Despu\u00e9s de una divertida presentaci\u00f3n, en donde Lorena estuvo acompa\u00f1ada por la jirafa Eli en una botarga y canciones de su mismo libro, ofreci\u00f3 una entrevista a La Vereda:<\/p>\n\n\n\n<p><em><strong>\u00bfC\u00f3mo surge esta idea y la fundaci\u00f3n que diriges?<\/strong><\/em><\/p>\n\n\n\n<p>Hace nueve a\u00f1os tuve a mi primera hija que naci\u00f3 con una discapacidad severa y a partir de ah\u00ed empec\u00e9 a descubrir este mundo que yo no conoc\u00eda en donde las personas con discapacidad batallan mucho en todo el tema de inclusi\u00f3n. Siempre me han gustado mucho los ni\u00f1os, soy gu\u00eda Montessori y creo que por medio de los cuentos infantiles, es una manera l\u00fadica de poder llegarles con un buen mensaje y educar. Decid\u00ed hacer este cuento para explicar el tema de diversidad, para que lo pudieran entender de una manera sencilla.<\/p>\n\n\n\n<p><em><strong>\u00bfQu\u00e9 actividades realiza la fundaci\u00f3n Imagira?<\/strong><\/em><\/p>\n\n\n\n<p>Inici\u00f3 con actividades de inclusi\u00f3n recreativas para ni\u00f1os y ni\u00f1as con discapacidad, tenemos algunas vinculaciones con universidades en Saltillo, tenemos programas espec\u00edficos, realizaremos un desfile con la Universidad Carolina en octubre, tenemos una clase de baile, actividades de inclusi\u00f3n laboral, tratamos de ir abriendo caminos, para estas personas que muchas veces no tienen las mismas oportunidades que nosotros.<\/p>\n\n\n\n<p><em><strong>\u00bfLa fundaci\u00f3n apoya todo tipo de discapacidad?<\/strong><\/em><\/p>\n\n\n\n<p>De todo tipo de discapacidades, hemos brindado apoyos de aparatos ortop\u00e9dicos, todo empez\u00f3 haciendo vinculaci\u00f3n, Elisabetta mi hija naci\u00f3 con discapacidad severa y multidiscapacidad y debido a esto he tenido la oportunidad de conocer toda la diversidad que existe, eso me ha invitado a compartir este conocimiento con la comunidad. Estudi\u00e9 una maestr\u00eda en discapacidad, ha sido muy grato poder compartir un poco desde el lado acad\u00e9mico y personal.<\/p>\n\n\n\n<p><em><strong>\u00bfC\u00f3mo le ha ido a la publicaci\u00f3n?<\/strong><\/em><\/p>\n\n\n\n<p>El libro lo publiqu\u00e9 en noviembre del a\u00f1o pasado, incre\u00edble, solito se ha movido, me han hablado muchas escuelas, cada vez m\u00e1s, pues la gente muy contenta con el personaje porque tienen a la mano una herramienta incre\u00edble para poder explicar este tema, del que todos deber\u00edamos hablar. He visitado muchas escuelas en la rep\u00fablica, fui a Ecuador, el personaje tiene mucho para seguir ense\u00f1ando.<\/p>\n\n\n\n<p>Y \u00bfcu\u00e1l es la historia de este cuento?<\/p>\n\n\n\n<p>En la Sabana, una familia de jirafas espera amorosamente al nuevo integrante de su familia. Al nacer descubren que es una jirafa hembra blanca y sin manchas. Aunque no es lo que esperaban, se dan cuenta que precisamente esa diferencia es la que la hace brillar\u2026<\/p>\n\n\n\n<figure class=\"wp-block-image size-full\"><img fetchpriority=\"high\" decoding=\"async\" width=\"1000\" height=\"666\" src=\"https:\/\/lavereda.com.mx\/wp-content\/uploads\/2022\/10\/311993007_481923303963622_7627333802136173166_n.jpg\" alt=\"\" class=\"wp-image-4287\" srcset=\"https:\/\/lavereda.com.mx\/wp-content\/uploads\/2022\/10\/311993007_481923303963622_7627333802136173166_n.jpg 1000w, https:\/\/lavereda.com.mx\/wp-content\/uploads\/2022\/10\/311993007_481923303963622_7627333802136173166_n-300x200.jpg 300w, https:\/\/lavereda.com.mx\/wp-content\/uploads\/2022\/10\/311993007_481923303963622_7627333802136173166_n-768x511.jpg 768w\" sizes=\"(max-width: 1000px) 100vw, 1000px\" \/><\/figure>\n","protected":false},"excerpt":{"rendered":"<p>La 1\u00aa Feria del Libro Infantil y Juvenil de Torre\u00f3n dej\u00f3 muchas ense\u00f1anzas en el p\u00fablico de todas las edades. Una de ellas es que hay que aprender a amar &hellip; <a href=\"https:\/\/lavereda.com.mx\/index.php\/2022\/10\/19\/difunde-un-mensaje-de-amor-e-inclusion-a-traves-de-un-cuento-infantil\/\" class=\"more-link\">Leer m\u00e1s<\/a><\/p>\n","protected":false},"author":9,"featured_media":4286,"comment_status":"open","ping_status":"open","sticky":false,"template":"","format":"standard","meta":{"footnotes":""},"categories":[10,5,18],"tags":[19,43,44,42,30],"class_list":["post-4285","post","type-post","status-publish","format-standard","has-post-thumbnail","hentry","category-la-vereda-infantil","category-letras-y-libros","category-lomasrelevante","tag-19","tag-inlcusion","tag-libros","tag-literaturainfantil","tag-torreon","entry"],"_links":{"self":[{"href":"https:\/\/lavereda.com.mx\/index.php\/wp-json\/wp\/v2\/posts\/4285","targetHints":{"allow":["GET"]}}],"collection":[{"href":"https:\/\/lavereda.com.mx\/index.php\/wp-json\/wp\/v2\/posts"}],"about":[{"href":"https:\/\/lavereda.com.mx\/index.php\/wp-json\/wp\/v2\/types\/post"}],"author":[{"embeddable":true,"href":"https:\/\/lavereda.com.mx\/index.php\/wp-json\/wp\/v2\/users\/9"}],"replies":[{"embeddable":true,"href":"https:\/\/lavereda.com.mx\/index.php\/wp-json\/wp\/v2\/comments?post=4285"}],"version-history":[{"count":1,"href":"https:\/\/lavereda.com.mx\/index.php\/wp-json\/wp\/v2\/posts\/4285\/revisions"}],"predecessor-version":[{"id":4288,"href":"https:\/\/lavereda.com.mx\/index.php\/wp-json\/wp\/v2\/posts\/4285\/revisions\/4288"}],"wp:featuredmedia":[{"embeddable":true,"href":"https:\/\/lavereda.com.mx\/index.php\/wp-json\/wp\/v2\/media\/4286"}],"wp:attachment":[{"href":"https:\/\/lavereda.com.mx\/index.php\/wp-json\/wp\/v2\/media?parent=4285"}],"wp:term":[{"taxonomy":"category","embeddable":true,"href":"https:\/\/lavereda.com.mx\/index.php\/wp-json\/wp\/v2\/categories?post=4285"},{"taxonomy":"post_tag","embeddable":true,"href":"https:\/\/lavereda.com.mx\/index.php\/wp-json\/wp\/v2\/tags?post=4285"}],"curies":[{"name":"wp","href":"https:\/\/api.w.org\/{rel}","templated":true}]}}