{"id":4278,"date":"2022-10-18T13:35:22","date_gmt":"2022-10-18T13:35:22","guid":{"rendered":"http:\/\/lavereda.com.mx\/?p=4278"},"modified":"2022-10-18T13:35:24","modified_gmt":"2022-10-18T13:35:24","slug":"paulina-meza-exhibe-su-nueva-coleccion-en-la-semana-de-la-joyeria-de-milan","status":"publish","type":"post","link":"https:\/\/lavereda.com.mx\/index.php\/2022\/10\/18\/paulina-meza-exhibe-su-nueva-coleccion-en-la-semana-de-la-joyeria-de-milan\/","title":{"rendered":"Paulina Meza exhibe su nueva colecci\u00f3n en la Semana de la Joyer\u00eda de Mil\u00e1n"},"content":{"rendered":"\n<p>Paulina Meza, dise\u00f1adora de joyas oriunda de Coahuila, se prepara para un viaje largo y emocionante: La Milano Jewelry Week 2022, evento internacional que inicia en pocos d\u00edas, comparti\u00f3 para La Vereda. Dos exclusivas piezas de su nueva colecci\u00f3n se encuentran ya en la capital de la moda.<\/p>\n\n\n\n<p>Paulina Meza Joyer\u00eda, marca hom\u00f3nima de la dise\u00f1adora, se caracteriza por utilizar procesos de slow fashion con metales preciosos reutilizados. La marca nace en el norte del pa\u00eds en 2014, al graduarse su fundadora de la licenciatura en Dise\u00f1o Industrial en la Universidad Iberoamericana Torre\u00f3n.<\/p>\n\n\n\n<p>Paulina es tambi\u00e9n especialista en Joyer\u00eda Aplicada por el Gemological Institute of America (GIA) y ostenta un M\u00e1ster en Administraci\u00f3n de Empresas de Moda, por ESDEN Business School Madrid. Secretaria de la Mesa Directiva de la Asociaci\u00f3n de Plata en La Laguna A.C., as\u00ed como asociada internacional de SNAG desde 2022 (Society of North American Goldsmiths).<\/p>\n\n\n\n<p>Milano Jewelry Week es un evento realizado en Italia que resalta las mejores y m\u00e1s innovadoras creaciones en cuesti\u00f3n de dise\u00f1o de joyas a nivel mundial. La edici\u00f3n 2022 contar\u00e1 con 750 expositores, en m\u00e1s de 100 ubicaciones y m\u00e1s de 150 eventos que estar\u00e1n ocurriendo en paralelo. Se exhibir\u00e1n joyas cuidadosamente<\/p>\n\n\n\n<p>curadas y seleccionadas de entre marcas, artistas y dise\u00f1adores de todas partes del globo.<\/p>\n\n\n\n<p>Participar\u00e1n en este gran acontecimiento talleres de alta joyer\u00eda, escuelas y orfebres con talleres de arte, boutiques de moda y showrooms de dise\u00f1o con el objetivo de que tanto los conocedores como los curiosos, a trav\u00e9s de exposiciones, charlas e iniciativas especiales, descubran todas las facetas de un mundo fascinante y sin embargo desconocido. Un evento que no solo aumenta y celebra el valor cultural y art\u00edstico, sino que tambi\u00e9n es capaz de desarrollar el negocio local, atrayendo a una audiencia internacional. Destacar\u00e1 Mil\u00e1n durante cuatro d\u00edas, que despu\u00e9s de la moda y el dise\u00f1o, es tambi\u00e9n el centro mundial de la joyer\u00eda.<\/p>\n\n\n\n<p>En el Palazzo Dei Giureconsulti, locaci\u00f3n de gran valor arquitect\u00f3nico en el coraz\u00f3n de la ciudad de Mil\u00e1n, se realizar\u00e1n dos exposiciones colectivas: \u2018The FaB\u2019 y \u2018Jewelry Drops\u2019.<\/p>\n\n\n\n<p>Paulina Meza Joyer\u00eda es una de las dise\u00f1adoras invitadas a participar en la exhibici\u00f3n \u2018The FaB\u2019, un evento organizado por Artistar Jewels.<\/p>\n\n\n\n<p>En \u2018The FaB\u2019 150 artistas y dise\u00f1adores internacionales mostrar\u00e1n diversos proyectos que se mueven desde diferentes inspiraciones, por ejemplo, un recuerdo de infancia, el poder de la naturaleza, la extraordinaria belleza de lo imperfecto y la experimentaci\u00f3n.<\/p>\n\n\n\n<p>Paulina realiz\u00f3 un largo proceso de dise\u00f1o desde inicios de febrero de este a\u00f1o, un par de semanas despu\u00e9s de recibir una emocionante llamada telef\u00f3nica en la cual ser\u00eda invitada a participar.<\/p>\n\n\n\n<p>A la par que se abocaba al dise\u00f1o y fabricaci\u00f3n de las piezas, tambi\u00e9n se encontraba reuniendo fondos para costear la participaci\u00f3n, ya que hay un coste elevado de registro para asegurar ser parte del acontecimiento.<\/p>\n\n\n\n<p>La talentosa dise\u00f1adora presentar\u00e1 dos piezas exclusivas: un collar llamado Constelaci\u00f3n Coahuila I y el Brazalete Conspicua.<\/p>\n\n\n\n<blockquote class=\"wp-block-quote is-layout-flow wp-block-quote-is-layout-flow\"><p>Del collar Paulina relata lo siguiente: \u2018Constelaci\u00f3n Coahuila I evoca los cielos de mi tierra y esos primeros momentos de la noche que generan colores des\u00e9rticos incomparables&#8230;La pieza es un maxi-collar tipo pechera, construido por un sarape Coahuilense de lana fabricado por la gran maestra artesana Dulce Esmeralda Tob\u00edas Palomo, con quien colabor\u00e9 de manera remota pues ella reside en Saltillo, Coahuila. Sobre este sarape cuelgan unas estrellas de lat\u00f3n articuladas, y en sus puntas tienen amatistas en corte cabuj\u00f3n. Como el centro focal, cuelga una amatista de casi 5 cent\u00edmetros de di\u00e1metro. El poste horizontal es tubo de cobre reciclado, y la cadena est\u00e1 hecha tambi\u00e9n de lat\u00f3n reciclado.\u2019<\/p><\/blockquote>\n\n\n\n<p>La realizaci\u00f3n del brazalete tambi\u00e9n tuvo colaboraciones importantes con creadores a nivel estatal y nacional.<\/p>\n\n\n\n<p>\u2018Brazalete Conspicua represent\u00f3 un gran reto t\u00e9cnico, pues la cantidad de pruebas impresas e iteraciones llev\u00f3 muchos meses de trabajo\u2019 cuenta Paulina desde su estudio en Torre\u00f3n.<\/p>\n\n\n\n<p>\u2018Es un brazalete de proporciones gigantes hecho de pl\u00e1stico ABS rosa ne\u00f3n. \u00c9ste abraza la mu\u00f1eca con una juguetona banda ondulada. Una \u201cpiedra preciosa\u201d de pl\u00e1stico se encuentra atrapada dentro de una cara emoji con ojos de coraz\u00f3n. Esta \u201cpiedra preciosa\u201d est\u00e1 hecha de pl\u00e1stico HDPE reciclado por las talentosas mujeres que lideran el proyecto Antr\u00f3pica en Ciudad de M\u00e9xico. A ellas las conoc\u00ed mediante redes sociales y las llam\u00e9 para proponerles colaborar para esta exhibici\u00f3n.\u2019<\/p>\n\n\n\n<p>El brazalete fue modelado digitalmente en colaboraci\u00f3n con Molyn Studio y luego impreso en 3D en los talleres de Automatics for Life, ambos en la ciudad de Torre\u00f3n. Finalmente, fue ensamblada en el taller de Paulina Meza Joyer\u00eda.<\/p>\n\n\n\n<p>La dise\u00f1adora parte hacia Mil\u00e1n el 18 de Octubre y asistir\u00e1 a las variadas pl\u00e1ticas del sector, as\u00ed como a la noche de premiaci\u00f3n el 22 de Octubre. Para m\u00e1s informaci\u00f3n, se puede acceder a www.paulinameza.com o enviar un correo a hola@paulinameza.com<\/p>\n","protected":false},"excerpt":{"rendered":"<p>Paulina Meza, dise\u00f1adora de joyas oriunda de Coahuila, se prepara para un viaje largo y emocionante: La Milano Jewelry Week 2022, evento internacional que inicia en pocos d\u00edas, comparti\u00f3 para &hellip; <a href=\"https:\/\/lavereda.com.mx\/index.php\/2022\/10\/18\/paulina-meza-exhibe-su-nueva-coleccion-en-la-semana-de-la-joyeria-de-milan\/\" class=\"more-link\">Leer m\u00e1s<\/a><\/p>\n","protected":false},"author":1,"featured_media":4279,"comment_status":"open","ping_status":"open","sticky":false,"template":"","format":"standard","meta":{"footnotes":""},"categories":[3,18],"tags":[],"class_list":["post-4278","post","type-post","status-publish","format-standard","has-post-thumbnail","hentry","category-artes-visuales","category-lomasrelevante","entry"],"_links":{"self":[{"href":"https:\/\/lavereda.com.mx\/index.php\/wp-json\/wp\/v2\/posts\/4278","targetHints":{"allow":["GET"]}}],"collection":[{"href":"https:\/\/lavereda.com.mx\/index.php\/wp-json\/wp\/v2\/posts"}],"about":[{"href":"https:\/\/lavereda.com.mx\/index.php\/wp-json\/wp\/v2\/types\/post"}],"author":[{"embeddable":true,"href":"https:\/\/lavereda.com.mx\/index.php\/wp-json\/wp\/v2\/users\/1"}],"replies":[{"embeddable":true,"href":"https:\/\/lavereda.com.mx\/index.php\/wp-json\/wp\/v2\/comments?post=4278"}],"version-history":[{"count":2,"href":"https:\/\/lavereda.com.mx\/index.php\/wp-json\/wp\/v2\/posts\/4278\/revisions"}],"predecessor-version":[{"id":4283,"href":"https:\/\/lavereda.com.mx\/index.php\/wp-json\/wp\/v2\/posts\/4278\/revisions\/4283"}],"wp:featuredmedia":[{"embeddable":true,"href":"https:\/\/lavereda.com.mx\/index.php\/wp-json\/wp\/v2\/media\/4279"}],"wp:attachment":[{"href":"https:\/\/lavereda.com.mx\/index.php\/wp-json\/wp\/v2\/media?parent=4278"}],"wp:term":[{"taxonomy":"category","embeddable":true,"href":"https:\/\/lavereda.com.mx\/index.php\/wp-json\/wp\/v2\/categories?post=4278"},{"taxonomy":"post_tag","embeddable":true,"href":"https:\/\/lavereda.com.mx\/index.php\/wp-json\/wp\/v2\/tags?post=4278"}],"curies":[{"name":"wp","href":"https:\/\/api.w.org\/{rel}","templated":true}]}}