{"id":4253,"date":"2022-10-13T01:57:39","date_gmt":"2022-10-13T01:57:39","guid":{"rendered":"http:\/\/lavereda.com.mx\/?p=4253"},"modified":"2022-10-13T01:57:41","modified_gmt":"2022-10-13T01:57:41","slug":"el-lagunero-quitze-fernandez-participa-en-el-festival-gabo-de-colombia","status":"publish","type":"post","link":"https:\/\/lavereda.com.mx\/index.php\/2022\/10\/13\/el-lagunero-quitze-fernandez-participa-en-el-festival-gabo-de-colombia\/","title":{"rendered":"El lagunero Quitz\u00e9 Fern\u00e1ndez participa en el Festival Gabo de Colombia"},"content":{"rendered":"\n<p><strong><em>Del 21 al 23 de Octubre en Bogot\u00e1, Colombia.<\/em><\/strong><\/p>\n\n\n\n<p>La editorial coahuilense Amonite, del periodista y escritor lagunero Quitz\u00e9 Fern\u00e1ndez Bonilla, cuya sede se encuentra en Saltillo, fue invitada en el Encuentro de Medios Nativos Digitales 2022 que se realizar\u00e1 con apoyo de Google News Initiative y Fundaci\u00f3n Gabo.<\/p>\n\n\n\n<p>El encuentro, en el top mundial del periodismo y la literatura, se llevar\u00e1 a cabo dentro de las actividades del D\u00e9cimo Festival Gabo 2022, y reunir\u00e1 a 30 periodistas y expertos en periodismo digital de Am\u00e9rica Latina.&nbsp;<\/p>\n\n\n\n<p>Por parte de M\u00e9xico, fueron dos plataformas seleccionadas:<\/p>\n\n\n\n<p>+ La coahuilense \u201cAmonite\u201d, que se define como una experiencia digital que combina una editorial, fundaci\u00f3n y agencia de contenidos, de Quitz\u00e9 Fern\u00e1ndez.<\/p>\n\n\n\n<p>+ \u201cMal Vestida\u201d, que se dedica a compartir contenidos sobre temas como sexualidad y cultura, entre otros, para una nueva generaci\u00f3n que se define en sus propios t\u00e9rminos.&nbsp;&nbsp;<\/p>\n\n\n\n<p>El Encuentro de Medios Digitales ser\u00e1 el 20 de octubre y las actividades en las que est\u00e1 contemplado Amonite ser\u00e1n el 22 y 23, dentro de la presentaci\u00f3n de \u201cEl Hormiguero en movimiento\u201d, un estudio de caso de medios nativos digitales de Latinoam\u00e9rica, donde habr\u00e1 representantes de Nicaragua, M\u00e9xico, Guatemala, Bolivia, Brasil, Argentina, Chile y Espa\u00f1a, entre otros.&nbsp;&nbsp;<\/p>\n\n\n\n<p>Quitz\u00e9 Fern\u00e1ndez Bonilla colabora con la Secretar\u00eda de Cultura estatal poniendo a disposici\u00f3n del p\u00fablico diversas ediciones tanto de sus libros en formato digital como de los audiocuentos que han realizado, mismos que se encuentran en el podcast de la SC.<\/p>\n\n\n\n<p>PARA SABER M\u00c1S<\/p>\n\n\n\n<p>Amonite fue fundada en febrero de 2017 por el periodista y escritor Quitz\u00e9 Fern\u00e1ndez Bonilla, originario de Torre\u00f3n, y desde su fundaci\u00f3n ha realizado diversos trabajos editoriales dirigidos a ni\u00f1os, ni\u00f1as y adolescentes, como audiolibros, podcast, libros y experiencias transmedia,&nbsp; que se ha presentado en la Feria del Libro de Coahuila, Festival Internacional Cervantino, Feria Internacional del Libro Infantil y Juvenil y al Encuentro Nacional de Apropiaci\u00f3n Social de la Ciencia Tecnolog\u00eda e Innovaci\u00f3n.<\/p>\n\n\n\n<p>El a\u00f1o pasado fue constituida la Fundaci\u00f3n Amonite para la Comunicaci\u00f3n de la Cultura y la Ciencia, cuyo objetivo es sociabilizar los contenidos producidos por Amonite.&nbsp;<\/p>\n\n\n\n<p>En ese contexto fueron impresas la novelas juveniles \u201cEl milagro y la Sonrisa\u201d y \u201cEl vuelo de Elisa\u201d, teniendo presentaciones en Feria del Libro de Coahuila, Feria del Libro de la Universidad Aut\u00f3noma de Sinaloa, Feria Internacional del Libro de la Universidad Veracruzana y Feria Nacional del Libro de Zacatecas.<\/p>\n\n\n\n<p>En la venta de cada libro, Amonite dona otro a bibliotecas p\u00fablicas y a escuelas.&nbsp;<\/p>\n\n\n\n<p>Su producci\u00f3n de audio cuentos \u201cGigantes en el desierto\u201d fue impulsada por Fundaci\u00f3n Gabo y el Instituto Serrapilheira, con el apoyo de la Oficina Regional de Ciencias de la UNESCO para Am\u00e9rica Latina y el Caribe.<\/p>\n\n\n\n<p>Esta y otras producciones de Amonite han sido reproducidas en radios p\u00fablicas y comunitarias de M\u00e9xico, y ser\u00e1n dignos representantes de Coahuila y de M\u00e9xico en este festival, considerado el&nbsp; m\u00e1s importante de periodismo en Am\u00e9rica Latina.<\/p>\n","protected":false},"excerpt":{"rendered":"<p>Del 21 al 23 de Octubre en Bogot\u00e1, Colombia. La editorial coahuilense Amonite, del periodista y escritor lagunero Quitz\u00e9 Fern\u00e1ndez Bonilla, cuya sede se encuentra en Saltillo, fue invitada en &hellip; <a href=\"https:\/\/lavereda.com.mx\/index.php\/2022\/10\/13\/el-lagunero-quitze-fernandez-participa-en-el-festival-gabo-de-colombia\/\" class=\"more-link\">Leer m\u00e1s<\/a><\/p>\n","protected":false},"author":1,"featured_media":4259,"comment_status":"open","ping_status":"open","sticky":false,"template":"","format":"standard","meta":{"footnotes":""},"categories":[5,18],"tags":[32,39],"class_list":["post-4253","post","type-post","status-publish","format-standard","has-post-thumbnail","hentry","category-letras-y-libros","category-lomasrelevante","tag-literatura","tag-periodismo","entry"],"_links":{"self":[{"href":"https:\/\/lavereda.com.mx\/index.php\/wp-json\/wp\/v2\/posts\/4253","targetHints":{"allow":["GET"]}}],"collection":[{"href":"https:\/\/lavereda.com.mx\/index.php\/wp-json\/wp\/v2\/posts"}],"about":[{"href":"https:\/\/lavereda.com.mx\/index.php\/wp-json\/wp\/v2\/types\/post"}],"author":[{"embeddable":true,"href":"https:\/\/lavereda.com.mx\/index.php\/wp-json\/wp\/v2\/users\/1"}],"replies":[{"embeddable":true,"href":"https:\/\/lavereda.com.mx\/index.php\/wp-json\/wp\/v2\/comments?post=4253"}],"version-history":[{"count":2,"href":"https:\/\/lavereda.com.mx\/index.php\/wp-json\/wp\/v2\/posts\/4253\/revisions"}],"predecessor-version":[{"id":4260,"href":"https:\/\/lavereda.com.mx\/index.php\/wp-json\/wp\/v2\/posts\/4253\/revisions\/4260"}],"wp:featuredmedia":[{"embeddable":true,"href":"https:\/\/lavereda.com.mx\/index.php\/wp-json\/wp\/v2\/media\/4259"}],"wp:attachment":[{"href":"https:\/\/lavereda.com.mx\/index.php\/wp-json\/wp\/v2\/media?parent=4253"}],"wp:term":[{"taxonomy":"category","embeddable":true,"href":"https:\/\/lavereda.com.mx\/index.php\/wp-json\/wp\/v2\/categories?post=4253"},{"taxonomy":"post_tag","embeddable":true,"href":"https:\/\/lavereda.com.mx\/index.php\/wp-json\/wp\/v2\/tags?post=4253"}],"curies":[{"name":"wp","href":"https:\/\/api.w.org\/{rel}","templated":true}]}}