{"id":4247,"date":"2022-10-11T22:54:16","date_gmt":"2022-10-11T22:54:16","guid":{"rendered":"http:\/\/lavereda.com.mx\/?p=4247"},"modified":"2022-10-11T22:55:25","modified_gmt":"2022-10-11T22:55:25","slug":"por-primera-vez-en-torreon-una-feria-del-libro-infantil-y-juvenil","status":"publish","type":"post","link":"https:\/\/lavereda.com.mx\/index.php\/2022\/10\/11\/por-primera-vez-en-torreon-una-feria-del-libro-infantil-y-juvenil\/","title":{"rendered":"Por primera vez en Torre\u00f3n una Feria del libro infantil y Juvenil"},"content":{"rendered":"\n<ul class=\"wp-block-list\"><li><em>Se realizar\u00e1 del 14 al 17 de octubre, en la sede ubicada en la Secundaria L\u00e1zaro C\u00e1rdenas del R\u00edo (frente al Bosque Venustiano Carranza)<\/em><\/li><\/ul>\n\n\n\n<p>Por primera vez Torre\u00f3n contar\u00e1 con una Feria del Libro Infantil y Juvenil. Adem\u00e1s, hace 17 a\u00f1os la ciudad no era sede de una feria del libro en general, la \u00faltima se realiz\u00f3 en 2005, con participaci\u00f3n del Municipio y de la Universidad Iberoamericana. En este \u00ednter, ha habido festivales de la palabra y encuentros literarios diversos.<\/p>\n\n\n\n<p>Con esta iniciativa, el Instituto Municipal de Cultura y Educaci\u00f3n, busca retomar esa tradici\u00f3n de fomento a la lectura que distingue a los habitantes del municipio y de la regi\u00f3n lagunera.<\/p>\n\n\n\n<p>Durante cuatro d\u00edas, del 14 al 17 de octubre, en la sede ubicada en la Secundaria L\u00e1zaro C\u00e1rdenas del R\u00edo (frente al Bosque Venustiano Carranza) se vivir\u00e1 un programa de charlas, conferencias, presentaciones art\u00edsticas y musicales y se contar\u00e1 con la participaci\u00f3n de reconocidas editoriales: Fondo de Cultura Econ\u00f3mica, Ediciones El Naranjo, Librer\u00eda El astillero, Librer\u00eda Aurora, Librer\u00eda N\u00f3mada, Trillas, Gandhi, Momento de leer TRC y Librer\u00eda El principito.&nbsp;<\/p>\n\n\n\n<p>Participar\u00e1n destacadas plumas de la literatura infantil y juvenil a nivel nacional y regional como: Antonio Malpica (XI Premio SM de Literatura Infantil y Juvenil, 2015), Evelyn Moreno, (Premio Hispanoamericano de Poes\u00eda para Ni\u00f1os 2020), Elizabeth Cruz Madrid (XII Premio Binacional Valladolid a las letras, categor\u00eda: cuento infantil), Quitz\u00e9 Fern\u00e1ndez (escritor y periodista, director de la editorial Amonite).<\/p>\n\n\n\n<p>Asimismo, se contar\u00e1 con la presencia de la actriz Mar\u00eda Rebeca como parte del programa \u201cLeo\u2026luego existo\u201d quien leer\u00e1 fragmentos del libro \u201cComo agua para chocolate\u201d de Laura Esquivel.<\/p>\n\n\n\n<p>Dentro del talento local, estar\u00e1n presentes la compa\u00f1\u00eda Mezquite, danza contempor\u00e1nea, Ra\u00fal J\u00e1quez con canciones para la infancia, el Proyecto de M\u00fasica de la Santiago Ram\u00edrez con m\u00fasica infantil, la compa\u00f1\u00eda teatral Hoja en Blanco, el mimo Sammy, Colectivo Astro Teatro, la cuenta cuentos Ena Gal\u00edndez, la escritora Lorena Gonz\u00e1lez, entre otros.<\/p>\n\n\n\n<p>La Feria contar\u00e1 con talleres de arte y educativos para todas las edades durante su horario de 11:00 a 20:00 horas, as\u00ed como food trucks. Tambi\u00e9n recibir\u00e1 a un nutrido grupo de Mediadores de Lectura, entre otras actividades.<\/p>\n\n\n\n<p><\/p>\n\n\n\n<p>Puedes consultar el programa completo aqu\u00ed: <a href=\"http:\/\/www.torreon.gob.mx\/cultura\/wp-content\/uploads\/2022\/10\/Triptico-Feria-WEB.pdf\">http:\/\/www.torreon.gob.mx\/cultura\/wp-content\/uploads\/2022\/10\/Triptico-Feria-WEB.pdf<\/a><\/p>\n\n\n\n<figure class=\"wp-block-image size-large\"><img fetchpriority=\"high\" decoding=\"async\" width=\"1024\" height=\"1022\" src=\"https:\/\/lavereda.com.mx\/wp-content\/uploads\/2022\/10\/Banner-cuadrado-Feria-Libro-gral-1024x1022.jpg\" alt=\"\" class=\"wp-image-4249\" srcset=\"https:\/\/lavereda.com.mx\/wp-content\/uploads\/2022\/10\/Banner-cuadrado-Feria-Libro-gral-1024x1022.jpg 1024w, https:\/\/lavereda.com.mx\/wp-content\/uploads\/2022\/10\/Banner-cuadrado-Feria-Libro-gral-300x300.jpg 300w, https:\/\/lavereda.com.mx\/wp-content\/uploads\/2022\/10\/Banner-cuadrado-Feria-Libro-gral-150x150.jpg 150w, https:\/\/lavereda.com.mx\/wp-content\/uploads\/2022\/10\/Banner-cuadrado-Feria-Libro-gral-768x767.jpg 768w, https:\/\/lavereda.com.mx\/wp-content\/uploads\/2022\/10\/Banner-cuadrado-Feria-Libro-gral.jpg 1202w\" sizes=\"(max-width: 1024px) 100vw, 1024px\" \/><\/figure>\n\n\n\n<p><\/p>\n\n\n\n<p><\/p>\n","protected":false},"excerpt":{"rendered":"<p>Se realizar\u00e1 del 14 al 17 de octubre, en la sede ubicada en la Secundaria L\u00e1zaro C\u00e1rdenas del R\u00edo (frente al Bosque Venustiano Carranza) Por primera vez Torre\u00f3n contar\u00e1 con &hellip; <a href=\"https:\/\/lavereda.com.mx\/index.php\/2022\/10\/11\/por-primera-vez-en-torreon-una-feria-del-libro-infantil-y-juvenil\/\" class=\"more-link\">Leer m\u00e1s<\/a><\/p>\n","protected":false},"author":9,"featured_media":4248,"comment_status":"open","ping_status":"open","sticky":false,"template":"","format":"standard","meta":{"footnotes":""},"categories":[10,5,18],"tags":[],"class_list":["post-4247","post","type-post","status-publish","format-standard","has-post-thumbnail","hentry","category-la-vereda-infantil","category-letras-y-libros","category-lomasrelevante","entry"],"_links":{"self":[{"href":"https:\/\/lavereda.com.mx\/index.php\/wp-json\/wp\/v2\/posts\/4247","targetHints":{"allow":["GET"]}}],"collection":[{"href":"https:\/\/lavereda.com.mx\/index.php\/wp-json\/wp\/v2\/posts"}],"about":[{"href":"https:\/\/lavereda.com.mx\/index.php\/wp-json\/wp\/v2\/types\/post"}],"author":[{"embeddable":true,"href":"https:\/\/lavereda.com.mx\/index.php\/wp-json\/wp\/v2\/users\/9"}],"replies":[{"embeddable":true,"href":"https:\/\/lavereda.com.mx\/index.php\/wp-json\/wp\/v2\/comments?post=4247"}],"version-history":[{"count":2,"href":"https:\/\/lavereda.com.mx\/index.php\/wp-json\/wp\/v2\/posts\/4247\/revisions"}],"predecessor-version":[{"id":4251,"href":"https:\/\/lavereda.com.mx\/index.php\/wp-json\/wp\/v2\/posts\/4247\/revisions\/4251"}],"wp:featuredmedia":[{"embeddable":true,"href":"https:\/\/lavereda.com.mx\/index.php\/wp-json\/wp\/v2\/media\/4248"}],"wp:attachment":[{"href":"https:\/\/lavereda.com.mx\/index.php\/wp-json\/wp\/v2\/media?parent=4247"}],"wp:term":[{"taxonomy":"category","embeddable":true,"href":"https:\/\/lavereda.com.mx\/index.php\/wp-json\/wp\/v2\/categories?post=4247"},{"taxonomy":"post_tag","embeddable":true,"href":"https:\/\/lavereda.com.mx\/index.php\/wp-json\/wp\/v2\/tags?post=4247"}],"curies":[{"name":"wp","href":"https:\/\/api.w.org\/{rel}","templated":true}]}}