{"id":4240,"date":"2022-10-09T15:43:00","date_gmt":"2022-10-09T15:43:00","guid":{"rendered":"http:\/\/lavereda.com.mx\/?p=4240"},"modified":"2022-10-09T15:43:02","modified_gmt":"2022-10-09T15:43:02","slug":"coahuila-presente-en-la-inauguracion-de-la-fil-monterrey","status":"publish","type":"post","link":"https:\/\/lavereda.com.mx\/index.php\/2022\/10\/09\/coahuila-presente-en-la-inauguracion-de-la-fil-monterrey\/","title":{"rendered":"Coahuila presente en la inauguraci\u00f3n de la FIL Monterrey"},"content":{"rendered":"\n<ul class=\"wp-block-list\"><li>En la parte art\u00edstica, se tendr\u00e1 a la compa\u00f1\u00eda de teatro Luz del Norte, Orquesta Filarm\u00f3nica del Desierto de Coahuila, Compa\u00f1\u00eda de Opera de Saltillo, Big Band de Saltillo, Orquesta Sinf\u00f3nica Juvenil de Torre\u00f3n y Mezquite Compa\u00f1\u00eda de Danza Contempor\u00e1nea de Torre\u00f3n.<\/li><\/ul>\n\n\n\n<p>Monterrey, Nuevo Le\u00f3n; a 9 de Octubre de 2022.- El d\u00eda de ayer abri\u00f3 sus puertas la Feria Internacional del Libro de Monterrey al celebrar su Aniversario 30, con la presencia de Coahuila como estado invitado.<\/p>\n\n\n\n<p>Con la presencia de Samuel Garc\u00eda, Gobernador de Nuevo Le\u00f3n; Ana Sof\u00eda Garc\u00eda Camil, Secretaria de Cultura de Coahuila y representante del gobernador Miguel \u00c1ngel Riquelme Sol\u00eds; en la ceremonia inaugural de esta FILM 2022 agradeci\u00f3 a los organizadores la invitaci\u00f3n para celebrar los 30 a\u00f1os de esta FIL Monterrey 2022.<\/p>\n\n\n\n<p>\u201cEn el Gobierno de Coahuila tenemos claro que los libros crean espacios para el di\u00e1logo, la empat\u00eda y la reflexi\u00f3n\u201d, dijo Garc\u00eda Camil.<\/p>\n\n\n\n<p>Este encuentro de las letras se llevar\u00e1 a cabo del 8 al 16 de octubre en el Auditorio Cintermex de Monterrey.<\/p>\n\n\n\n<p>Durante la ceremonia de inauguraci\u00f3n, David Garza Salazar, Rector y presidente ejecutivo del ITESM, as\u00ed como Juan Pablo Murra Lascurain, Rector de Profesional y de Posgrado del ITESM, entregaron un reconocimiento conmemorativo a Coahuila como Estado Invitado de Honor a la FILMty 2022, el cual recibieron Ana Sof\u00eda Garc\u00eda Camil y Jos\u00e9 Mar\u00eda Fraustro Siller, Alcalde de Saltillo.&nbsp;<\/p>\n\n\n\n<p>Consuelo S\u00e1izar, Directora de la Feria, coment\u00f3 que por primera vez en los 30 a\u00f1os de la FILM se tiene un Estado Invitado, y ese es Coahuila, que fue seleccionado por su crecimiento y desarrollo cultural y su vocaci\u00f3n hacia el impulso de las letras.<\/p>\n\n\n\n<p>Inform\u00f3 que para esta FILMty se dise\u00f1\u00f3 un programa literario con los temas Migraci\u00f3n, Post pandemia, y Narrativas de un Nuevo Mundo; y con tres ejes transversales: La Subversi\u00f3n de las Mujeres, Di\u00e1logos del Norte y la Cultura del Agua.&nbsp;<\/p>\n\n\n\n<p>Para la FILMty 2022, el Gobierno de Coahuila, a trav\u00e9s de la Secretar\u00eda de Cultura, prepar\u00f3 un amplio programa integrado por m\u00e1s de 40 actividades y m\u00e1s de 200 participantes, que incluyen presentaciones de libros, di\u00e1logos, eventos&nbsp;art\u00edsticos y acad\u00e9micos, muestras gastron\u00f3micas, degustaciones de los estupendos vinos coahuilenses, as\u00ed como la exhibici\u00f3n de parte de nuestro extraordinario patrimonio paleontol\u00f3gico.<\/p>\n\n\n\n<p>Estas actividades se realizan gracias a la colaboraci\u00f3n entre el Gobierno del Estado, el&nbsp; Municipio de Saltillo, colaboradores y patrocinadores, as\u00ed como del Municipio de Torre\u00f3n.\u2028\u2028Destaca en la FILM el pabell\u00f3n de Coahuila, que&nbsp; tiene una superficie de 200 metros cuadrados, y en \u00e9l se cuenta con la presencia de Vinos de Coahuila, Productores de Sotol, Sarape de Saltillo, producci\u00f3n editorial coahuilense (m\u00e1s de 200 t\u00edtulos en exhibici\u00f3n y venta), Foro inspirado en el Ateneo Fuente de Saltillo, espacio para fotograf\u00edas con la ilustraci\u00f3n de los autores coahuilenses cl\u00e1sicos y la presencia de la reproducci\u00f3n rob\u00f3tica de un Carnotaurus del Museo del Desierto (11 metros de largo, 1.5 metros de ancho y 4 metros de altura).<\/p>\n\n\n\n<p>En esta feria participan 83 escritores coahuilenses, como autores, presentadores y moderadores.<\/p>\n\n\n\n<p>En la parte art\u00edstica, se tendr\u00e1 a la compa\u00f1\u00eda de teatro Luz del Norte, Orquesta Filarm\u00f3nica del Desierto de Coahuila, Compa\u00f1\u00eda de Opera de Saltillo, Big Band de Saltillo, Orquesta Sinf\u00f3nica Juvenil de Torre\u00f3n y Mezquite Compa\u00f1\u00eda de Danza Contempor\u00e1nea de Torre\u00f3n.<\/p>\n\n\n\n<p>En esta ceremonia inuagural estuvieron presentes, adem\u00e1s, Jos\u00e9 Mar\u00eda Fraustro Siller, Presidente Municipal de Saltillo; Mariana Rodr\u00edguez Cant\u00fa, titular honor\u00edfica de AMAR a Nuevo Le\u00f3n; Luis Donaldo Colosio, Presidente Municipal de Monterrey; Melissa Segura, Secretaria de Cultura de Nuevo Le\u00f3n; Hugo Andrea Setzer Letche, presidente del Consejo Directivo de CANIEM (C\u00e1mara Nacional de la Industria Editorial Mexicana); la escritora Gabriela Riveros, y Rodrigo Borja Torres, Director General de Bibliotecas de la Secretar\u00eda de Cultura Federal.<\/p>\n","protected":false},"excerpt":{"rendered":"<p>En la parte art\u00edstica, se tendr\u00e1 a la compa\u00f1\u00eda de teatro Luz del Norte, Orquesta Filarm\u00f3nica del Desierto de Coahuila, Compa\u00f1\u00eda de Opera de Saltillo, Big Band de Saltillo, Orquesta &hellip; <a href=\"https:\/\/lavereda.com.mx\/index.php\/2022\/10\/09\/coahuila-presente-en-la-inauguracion-de-la-fil-monterrey\/\" class=\"more-link\">Leer m\u00e1s<\/a><\/p>\n","protected":false},"author":1,"featured_media":4241,"comment_status":"open","ping_status":"open","sticky":false,"template":"","format":"standard","meta":{"footnotes":""},"categories":[10,5],"tags":[],"class_list":["post-4240","post","type-post","status-publish","format-standard","has-post-thumbnail","hentry","category-la-vereda-infantil","category-letras-y-libros","entry"],"_links":{"self":[{"href":"https:\/\/lavereda.com.mx\/index.php\/wp-json\/wp\/v2\/posts\/4240","targetHints":{"allow":["GET"]}}],"collection":[{"href":"https:\/\/lavereda.com.mx\/index.php\/wp-json\/wp\/v2\/posts"}],"about":[{"href":"https:\/\/lavereda.com.mx\/index.php\/wp-json\/wp\/v2\/types\/post"}],"author":[{"embeddable":true,"href":"https:\/\/lavereda.com.mx\/index.php\/wp-json\/wp\/v2\/users\/1"}],"replies":[{"embeddable":true,"href":"https:\/\/lavereda.com.mx\/index.php\/wp-json\/wp\/v2\/comments?post=4240"}],"version-history":[{"count":1,"href":"https:\/\/lavereda.com.mx\/index.php\/wp-json\/wp\/v2\/posts\/4240\/revisions"}],"predecessor-version":[{"id":4242,"href":"https:\/\/lavereda.com.mx\/index.php\/wp-json\/wp\/v2\/posts\/4240\/revisions\/4242"}],"wp:featuredmedia":[{"embeddable":true,"href":"https:\/\/lavereda.com.mx\/index.php\/wp-json\/wp\/v2\/media\/4241"}],"wp:attachment":[{"href":"https:\/\/lavereda.com.mx\/index.php\/wp-json\/wp\/v2\/media?parent=4240"}],"wp:term":[{"taxonomy":"category","embeddable":true,"href":"https:\/\/lavereda.com.mx\/index.php\/wp-json\/wp\/v2\/categories?post=4240"},{"taxonomy":"post_tag","embeddable":true,"href":"https:\/\/lavereda.com.mx\/index.php\/wp-json\/wp\/v2\/tags?post=4240"}],"curies":[{"name":"wp","href":"https:\/\/api.w.org\/{rel}","templated":true}]}}