{"id":4237,"date":"2022-10-09T15:23:11","date_gmt":"2022-10-09T15:23:11","guid":{"rendered":"http:\/\/lavereda.com.mx\/?p=4237"},"modified":"2022-10-09T15:23:13","modified_gmt":"2022-10-09T15:23:13","slug":"al-otro-lado-del-mundo","status":"publish","type":"post","link":"https:\/\/lavereda.com.mx\/index.php\/2022\/10\/09\/al-otro-lado-del-mundo\/","title":{"rendered":"Al otro lado del mundo"},"content":{"rendered":"\n<p><strong>The Painted Veil, 2008<\/strong><\/p>\n\n\n\n<p>Netflix<\/p>\n\n\n\n<p>En una hermosa adaptaci\u00f3n de la novela W. Somerset Naugham, Edward Norton y Naomi Watts protagonizan una historia de una pareja reci\u00e9n casada, imperfecta, compleja y distante, que encuentra el camino para reconectarse.<\/p>\n\n\n\n<p>\u00c9l es un cient\u00edfico que viaja a China para ayudar en la atenci\u00f3n de una epidemia de c\u00f3lera en una aldea alejada de la gran ciudad. Ella, descubierta en un desliz, obligadamente lo acompa\u00f1a, lo que hace su viaje un infierno, por las incomodidades y la indiferencia de su marido, que se siente naturalmente lastimado.<\/p>\n\n\n\n<p>Sin embargo, la adversidad hace que lentamente vayan aproxim\u00e1ndose para, ahora s\u00ed, encontrar las similitudes que no descubrieron al principio, cuando comenzaron a hacer vida en com\u00fan. El guion magn\u00edfico presenta a esta pareja de ser humanos bellos y comport\u00e1ndose como extra\u00f1os, entendiendo que la mejor forma para convivir en paz es mediante el entendimiento.<\/p>\n\n\n\n<p>Toda la cinta es una delicada pieza de arte en los que destacan el vestuario, las locaciones de los a\u00f1os 20 y una fotograf\u00eda espectacular en la campi\u00f1a asi\u00e1tica.<\/p>\n\n\n\n<p>Una joya.<\/p>\n\n\n\n<p>(PG-13. Orientaci\u00f3n de los padres a menores de 13 a\u00f1os)<\/p>\n\n\n\n<p>@LucianoCamposG<\/p>\n\n\n\n<figure class=\"wp-block-embed is-type-video is-provider-youtube wp-block-embed-youtube wp-embed-aspect-4-3 wp-has-aspect-ratio\"><div class=\"wp-block-embed__wrapper\">\n<iframe title=\"El velo pintado \/\/ The painted veil Trailer\" width=\"1170\" height=\"878\" src=\"https:\/\/www.youtube.com\/embed\/ZyolHOdXSTk?feature=oembed\" frameborder=\"0\" allow=\"accelerometer; autoplay; clipboard-write; encrypted-media; gyroscope; picture-in-picture\" allowfullscreen><\/iframe>\n<\/div><\/figure>\n","protected":false},"excerpt":{"rendered":"<p>The Painted Veil, 2008 Netflix En una hermosa adaptaci\u00f3n de la novela W. Somerset Naugham, Edward Norton y Naomi Watts protagonizan una historia de una pareja reci\u00e9n casada, imperfecta, compleja &hellip; <a href=\"https:\/\/lavereda.com.mx\/index.php\/2022\/10\/09\/al-otro-lado-del-mundo\/\" class=\"more-link\">Leer m\u00e1s<\/a><\/p>\n","protected":false},"author":9,"featured_media":4238,"comment_status":"open","ping_status":"open","sticky":false,"template":"","format":"standard","meta":{"footnotes":""},"categories":[6,7],"tags":[],"class_list":["post-4237","post","type-post","status-publish","format-standard","has-post-thumbnail","hentry","category-cinetv","category-entretenimiento","entry"],"_links":{"self":[{"href":"https:\/\/lavereda.com.mx\/index.php\/wp-json\/wp\/v2\/posts\/4237","targetHints":{"allow":["GET"]}}],"collection":[{"href":"https:\/\/lavereda.com.mx\/index.php\/wp-json\/wp\/v2\/posts"}],"about":[{"href":"https:\/\/lavereda.com.mx\/index.php\/wp-json\/wp\/v2\/types\/post"}],"author":[{"embeddable":true,"href":"https:\/\/lavereda.com.mx\/index.php\/wp-json\/wp\/v2\/users\/9"}],"replies":[{"embeddable":true,"href":"https:\/\/lavereda.com.mx\/index.php\/wp-json\/wp\/v2\/comments?post=4237"}],"version-history":[{"count":1,"href":"https:\/\/lavereda.com.mx\/index.php\/wp-json\/wp\/v2\/posts\/4237\/revisions"}],"predecessor-version":[{"id":4239,"href":"https:\/\/lavereda.com.mx\/index.php\/wp-json\/wp\/v2\/posts\/4237\/revisions\/4239"}],"wp:featuredmedia":[{"embeddable":true,"href":"https:\/\/lavereda.com.mx\/index.php\/wp-json\/wp\/v2\/media\/4238"}],"wp:attachment":[{"href":"https:\/\/lavereda.com.mx\/index.php\/wp-json\/wp\/v2\/media?parent=4237"}],"wp:term":[{"taxonomy":"category","embeddable":true,"href":"https:\/\/lavereda.com.mx\/index.php\/wp-json\/wp\/v2\/categories?post=4237"},{"taxonomy":"post_tag","embeddable":true,"href":"https:\/\/lavereda.com.mx\/index.php\/wp-json\/wp\/v2\/tags?post=4237"}],"curies":[{"name":"wp","href":"https:\/\/api.w.org\/{rel}","templated":true}]}}