{"id":4230,"date":"2022-10-06T19:56:05","date_gmt":"2022-10-06T19:56:05","guid":{"rendered":"http:\/\/lavereda.com.mx\/?p=4230"},"modified":"2022-10-06T19:56:07","modified_gmt":"2022-10-06T19:56:07","slug":"annie-ernaux-decimo-septima-mujer-en-ganar-el-premio-nobel-de-literatura","status":"publish","type":"post","link":"https:\/\/lavereda.com.mx\/index.php\/2022\/10\/06\/annie-ernaux-decimo-septima-mujer-en-ganar-el-premio-nobel-de-literatura\/","title":{"rendered":"Annie Ernaux: d\u00e9cimo s\u00e9ptima mujer en ganar el Premio Nobel de literatura"},"content":{"rendered":"\n<p>La escritora francesa Annie Ernaux ha sido galardonada con el Premio Nobel de Literatura 2022, ha anunciado este jueves la Academia Sueca.<\/p>\n\n\n\n<p>La escritora fue reconocida por la Academia Sueca por \u00abel coraje y la agudeza cl\u00ednica con la que descubre las ra\u00edces, los extra\u00f1amientos y las restricciones colectivas de la memorial personal\u00bb.<\/p>\n\n\n\n<p>Ernaux, de 82 a\u00f1os, se convierte en la decimos\u00e9ptima mujer que gana el premio, ampliamente considerado el galard\u00f3n m\u00e1s prestigioso de la literatura mundial, desde que se form\u00f3 en 1901.<\/p>\n\n\n\n<p>Durante mucho tiempo, fue una de las favoritas para el premio por sus <strong>libros autobiogr\u00e1ficos<\/strong> que cubren temas que van desde un aborto clandestino hasta sus apasionadas aventuras amorosas.<\/p>\n\n\n\n<p><strong>Experiecias autobiogr\u00e1ficas<\/strong><\/p>\n\n\n\n<p>Nacida en 1940 en Normand\u00eda, Ernaux hizo su debut literario en 1974 con \u00abLes armoires vides\u00bb, pero fue su cuarto t\u00edtulo, \u00abLa place\u00bb (1983) el que lanz\u00f3 su carrera literaria.<\/p>\n\n\n\n<p>Le siguieron obras que han sido editadas en espa\u00f1ol, como \u00abEl lugar\u00bb, \u00abLa mujer helada\u00bb, \u00abLa Verg\u00fcenza\u00bb o \u00abEl uso de la foto\u00bb.<\/p>\n\n\n\n<p>Su escritura bebe de experiencias autobiogr\u00e1ficas y fusiona la ficci\u00f3n, la sociolog\u00eda y la historia para narrar historias de su familia o sucesos personales como su aborto o su c\u00e1ncer de mama.<\/p>\n\n\n\n<p>FUENTE: AGENCIA EFE<\/p>\n","protected":false},"excerpt":{"rendered":"<p>La escritora francesa Annie Ernaux ha sido galardonada con el Premio Nobel de Literatura 2022, ha anunciado este jueves la Academia Sueca. La escritora fue reconocida por la Academia Sueca &hellip; <a href=\"https:\/\/lavereda.com.mx\/index.php\/2022\/10\/06\/annie-ernaux-decimo-septima-mujer-en-ganar-el-premio-nobel-de-literatura\/\" class=\"more-link\">Leer m\u00e1s<\/a><\/p>\n","protected":false},"author":1,"featured_media":4231,"comment_status":"open","ping_status":"open","sticky":false,"template":"","format":"standard","meta":{"footnotes":""},"categories":[5,18],"tags":[19,32,38],"class_list":["post-4230","post","type-post","status-publish","format-standard","has-post-thumbnail","hentry","category-letras-y-libros","category-lomasrelevante","tag-19","tag-literatura","tag-premio-nobel","entry"],"_links":{"self":[{"href":"https:\/\/lavereda.com.mx\/index.php\/wp-json\/wp\/v2\/posts\/4230","targetHints":{"allow":["GET"]}}],"collection":[{"href":"https:\/\/lavereda.com.mx\/index.php\/wp-json\/wp\/v2\/posts"}],"about":[{"href":"https:\/\/lavereda.com.mx\/index.php\/wp-json\/wp\/v2\/types\/post"}],"author":[{"embeddable":true,"href":"https:\/\/lavereda.com.mx\/index.php\/wp-json\/wp\/v2\/users\/1"}],"replies":[{"embeddable":true,"href":"https:\/\/lavereda.com.mx\/index.php\/wp-json\/wp\/v2\/comments?post=4230"}],"version-history":[{"count":1,"href":"https:\/\/lavereda.com.mx\/index.php\/wp-json\/wp\/v2\/posts\/4230\/revisions"}],"predecessor-version":[{"id":4232,"href":"https:\/\/lavereda.com.mx\/index.php\/wp-json\/wp\/v2\/posts\/4230\/revisions\/4232"}],"wp:featuredmedia":[{"embeddable":true,"href":"https:\/\/lavereda.com.mx\/index.php\/wp-json\/wp\/v2\/media\/4231"}],"wp:attachment":[{"href":"https:\/\/lavereda.com.mx\/index.php\/wp-json\/wp\/v2\/media?parent=4230"}],"wp:term":[{"taxonomy":"category","embeddable":true,"href":"https:\/\/lavereda.com.mx\/index.php\/wp-json\/wp\/v2\/categories?post=4230"},{"taxonomy":"post_tag","embeddable":true,"href":"https:\/\/lavereda.com.mx\/index.php\/wp-json\/wp\/v2\/tags?post=4230"}],"curies":[{"name":"wp","href":"https:\/\/api.w.org\/{rel}","templated":true}]}}