{"id":4225,"date":"2022-10-04T22:21:20","date_gmt":"2022-10-04T22:21:20","guid":{"rendered":"http:\/\/lavereda.com.mx\/?p=4225"},"modified":"2022-10-04T22:21:21","modified_gmt":"2022-10-04T22:21:21","slug":"torreon-se-convierte-en-sede-de-la-muestra-nacional-de-teatro-la-fiesta-escenica-mas-importante","status":"publish","type":"post","link":"https:\/\/lavereda.com.mx\/index.php\/2022\/10\/04\/torreon-se-convierte-en-sede-de-la-muestra-nacional-de-teatro-la-fiesta-escenica-mas-importante\/","title":{"rendered":"Torre\u00f3n se convierte en sede de la Muestra Nacional de Teatro: la fiesta esc\u00e9nica m\u00e1s importante"},"content":{"rendered":"\n<p>Del 10 al 19 de noviembre Torre\u00f3n ser\u00e1 sede de la 42 Muestra Nacional de Teatro Coahuila 2022, el evento m\u00e1s importante de esta disciplina en el pa\u00eds y en el que se fomenta el encuentro entre creadores y profesionales de todo M\u00e9xico.&nbsp;<\/p>\n\n\n\n<p>Durante la presentaci\u00f3n oficial de las actividades, el Alcalde de Torre\u00f3n, Rom\u00e1n Alberto Cepeda Gonz\u00e1lez, dijo que en la Administraci\u00f3n Municipal se tiene claro lo que el arte y la cultura representan para la sociedad, en ese sentido expres\u00f3 que las pol\u00edticas p\u00fablicas se orientan a lograr una sociedad m\u00e1s justa y equitativa.<\/p>\n\n\n\n<p>Dijo que el hecho de que Torre\u00f3n sea sede de la Muestra Nacional de Teatro Coahuila 2022, es importante para su Gobierno, por lo que reconoci\u00f3 el esfuerzo de quienes lo hacen posible, as\u00ed como de las universidades, escuelas y empresas comprometidas con la cultura, al tiempo que refrend\u00f3 su apoyo.<\/p>\n\n\n\n<p>Por su parte, Ana Sof\u00eda Garc\u00eda Camil, Secretaria de Cultura de Coahuila, dio a conocer que se trata del evento m\u00e1s importante del teatro nacional, en ese sentido mencion\u00f3 que de las 30 compa\u00f1\u00edas que se presentar\u00e1n, cuatro son coahuilenses, entre las que se encuentran: En el surco y Camale\u00f3n.<\/p>\n\n\n\n<blockquote class=\"wp-block-quote is-layout-flow wp-block-quote-is-layout-flow\"><p>La directora esc\u00e9nica Mabel Garza, integrante de la programaci\u00f3n de la muestra, reord\u00f3 a tres grandes figuras del teatro en Torre\u00f3n: Rogelio Lu\u00e9vano, Jorge M\u00e9ndez y Alfonso Garibay.<\/p><\/blockquote>\n\n\n\n<p>El coodinador nacional de teatro, Daniel Miranda Cano, resalt\u00f3 que la programaci\u00f3n que se presente ser\u00e1 \u201cincluyente, representativa y diversa de la producci\u00f3n del teatro nacional\u201d.\u00a0<\/p>\n\n\n\n<p>Llegar\u00e1n a Torre\u00f3n 420 participantes de 30 compa\u00f1\u00edas nacionales, entre creadores, artistas, t\u00e9cnicos, promotores, editores, personal de apoyo, as\u00ed como medios de comunicaci\u00f3n nacionales y locales.<\/p>\n\n\n\n<p>La agenda de la muestra incluye puestas en escena, pr\u00e1cticas teatrales, creaciones esc\u00e9nico-digitales, un encuentro de reflexi\u00f3n e intercambio, y una decena de actividades acad\u00e9micas m\u00e1s.<\/p>\n\n\n\n<p>Acudieron al evento Leonardo Daniel Miranda Cano, Coordinador Nacional de Teatro del INBAL; Mabel Garza Blackaller, integrante de la Direcci\u00f3n Art\u00edstica de la 42 Muestra Nacional de Teatro; Itandehui M\u00e9ndez, Directora de Escena e Investigadora y Rom\u00e1n Cepeda Cepeda, Presidente del Patronato del Teatro Isauro Mart\u00ednez, as\u00ed como autoridades culturales, funcionarios municipales y estatales, empresarios, compa\u00f1\u00edas de teatro y medios de comunicaci\u00f3n.&nbsp;<\/p>\n","protected":false},"excerpt":{"rendered":"<p>Del 10 al 19 de noviembre Torre\u00f3n ser\u00e1 sede de la 42 Muestra Nacional de Teatro Coahuila 2022, el evento m\u00e1s importante de esta disciplina en el pa\u00eds y en &hellip; <a href=\"https:\/\/lavereda.com.mx\/index.php\/2022\/10\/04\/torreon-se-convierte-en-sede-de-la-muestra-nacional-de-teatro-la-fiesta-escenica-mas-importante\/\" class=\"more-link\">Leer m\u00e1s<\/a><\/p>\n","protected":false},"author":9,"featured_media":4226,"comment_status":"open","ping_status":"open","sticky":false,"template":"","format":"standard","meta":{"footnotes":""},"categories":[2,18],"tags":[19,37,36,30],"class_list":["post-4225","post","type-post","status-publish","format-standard","has-post-thumbnail","hentry","category-artes-escenicas","category-lomasrelevante","tag-19","tag-muestra-nacional-de-teatro","tag-teatro","tag-torreon","entry"],"_links":{"self":[{"href":"https:\/\/lavereda.com.mx\/index.php\/wp-json\/wp\/v2\/posts\/4225","targetHints":{"allow":["GET"]}}],"collection":[{"href":"https:\/\/lavereda.com.mx\/index.php\/wp-json\/wp\/v2\/posts"}],"about":[{"href":"https:\/\/lavereda.com.mx\/index.php\/wp-json\/wp\/v2\/types\/post"}],"author":[{"embeddable":true,"href":"https:\/\/lavereda.com.mx\/index.php\/wp-json\/wp\/v2\/users\/9"}],"replies":[{"embeddable":true,"href":"https:\/\/lavereda.com.mx\/index.php\/wp-json\/wp\/v2\/comments?post=4225"}],"version-history":[{"count":1,"href":"https:\/\/lavereda.com.mx\/index.php\/wp-json\/wp\/v2\/posts\/4225\/revisions"}],"predecessor-version":[{"id":4227,"href":"https:\/\/lavereda.com.mx\/index.php\/wp-json\/wp\/v2\/posts\/4225\/revisions\/4227"}],"wp:featuredmedia":[{"embeddable":true,"href":"https:\/\/lavereda.com.mx\/index.php\/wp-json\/wp\/v2\/media\/4226"}],"wp:attachment":[{"href":"https:\/\/lavereda.com.mx\/index.php\/wp-json\/wp\/v2\/media?parent=4225"}],"wp:term":[{"taxonomy":"category","embeddable":true,"href":"https:\/\/lavereda.com.mx\/index.php\/wp-json\/wp\/v2\/categories?post=4225"},{"taxonomy":"post_tag","embeddable":true,"href":"https:\/\/lavereda.com.mx\/index.php\/wp-json\/wp\/v2\/tags?post=4225"}],"curies":[{"name":"wp","href":"https:\/\/api.w.org\/{rel}","templated":true}]}}