{"id":4221,"date":"2022-10-04T22:06:33","date_gmt":"2022-10-04T22:06:33","guid":{"rendered":"http:\/\/lavereda.com.mx\/?p=4221"},"modified":"2022-10-04T22:06:34","modified_gmt":"2022-10-04T22:06:34","slug":"la-camerata-presentara-dos-conciertos-de-pelicula","status":"publish","type":"post","link":"https:\/\/lavereda.com.mx\/index.php\/2022\/10\/04\/la-camerata-presentara-dos-conciertos-de-pelicula\/","title":{"rendered":"La Camerata presentar\u00e1 dos conciertos de pel\u00edcula"},"content":{"rendered":"\n<ul class=\"wp-block-list\"><li>Debido a la gran respuesta del p\u00fablico lagunero la nueva fecha del concierto ser\u00e1 el s\u00e1bado 08 de octubre en punto de las 20:30 horas.<\/li><\/ul>\n\n\n\n<p>Camerata de Coahuila se prepara para ofrecer a su p\u00fablico un repertorio musical de pel\u00edcula, con el legado de John Williams, como parte del quinto concierto de temporada Oto\u00f1o Invierno 2022, bajo la batuta del Maestro Ram\u00f3n Shade. <\/p>\n\n\n\n<p>John Towner Williams, naci\u00f3 el 8 de febrero de 1932, Queens, Nueva York, EE.UU. El prestigioso compositor estadounidense cre\u00f3 algunas de las bandas sonoras m\u00e1s emblem\u00e1ticas de todos los tiempos.A lo largo de su extensa carrera, Williams cre\u00f3 algunas de las canciones m\u00e1s memorables de la historia del cine, incluidas las partituras y emblem\u00e1ticos temas de las seis pel\u00edculas de Star Wars de George Lucas (1977, 1980, 1983, 1999, 2002, 2005) y los de las tres primeras pel\u00edculas de Harry Potter (2001, 2002, 2004).<\/p>\n\n\n\n<p>El quinto concierto contar\u00e1 con las obras de Star Wars, Harry Potter, Jurassic Park, E.T., Indiana Jones, Superman y la lista de Schindler, bajo la batuta del Maestro Ram\u00f3n Shade. Fue un total de 48 horas lo que bast\u00f3 para agotar todas las localidades del quinto concierto, es por este motivo que a solicitud de nuestro p\u00fablico se abrir\u00e1 una nueva fecha, este s\u00e1bado 08 de octubre en punto de las 20:30 horas.<\/p>\n\n\n\n<p>Los boletos se encuentran ya disponibles a trav\u00e9s de la plataforma en l\u00ednea de Newticket y los costos son en planta baja $300.00, Mezzanine $250.00 y Galer\u00eda $170.00.Este concierto tendr\u00e1 un total de 3 presentaciones, viernes 07 y s\u00e1bado 08 en punto de las 20:30 hrs., y el domigo 09 a las 12:00 hrs., en el Teatro Isauro Mart\u00ednez.<\/p>\n","protected":false},"excerpt":{"rendered":"<p>Debido a la gran respuesta del p\u00fablico lagunero la nueva fecha del concierto ser\u00e1 el s\u00e1bado 08 de octubre en punto de las 20:30 horas. Camerata de Coahuila se prepara &hellip; <a href=\"https:\/\/lavereda.com.mx\/index.php\/2022\/10\/04\/la-camerata-presentara-dos-conciertos-de-pelicula\/\" class=\"more-link\">Leer m\u00e1s<\/a><\/p>\n","protected":false},"author":1,"featured_media":4222,"comment_status":"open","ping_status":"open","sticky":false,"template":"","format":"standard","meta":{"footnotes":""},"categories":[18,4],"tags":[],"class_list":["post-4221","post","type-post","status-publish","format-standard","has-post-thumbnail","hentry","category-lomasrelevante","category-musica","entry"],"_links":{"self":[{"href":"https:\/\/lavereda.com.mx\/index.php\/wp-json\/wp\/v2\/posts\/4221","targetHints":{"allow":["GET"]}}],"collection":[{"href":"https:\/\/lavereda.com.mx\/index.php\/wp-json\/wp\/v2\/posts"}],"about":[{"href":"https:\/\/lavereda.com.mx\/index.php\/wp-json\/wp\/v2\/types\/post"}],"author":[{"embeddable":true,"href":"https:\/\/lavereda.com.mx\/index.php\/wp-json\/wp\/v2\/users\/1"}],"replies":[{"embeddable":true,"href":"https:\/\/lavereda.com.mx\/index.php\/wp-json\/wp\/v2\/comments?post=4221"}],"version-history":[{"count":1,"href":"https:\/\/lavereda.com.mx\/index.php\/wp-json\/wp\/v2\/posts\/4221\/revisions"}],"predecessor-version":[{"id":4223,"href":"https:\/\/lavereda.com.mx\/index.php\/wp-json\/wp\/v2\/posts\/4221\/revisions\/4223"}],"wp:featuredmedia":[{"embeddable":true,"href":"https:\/\/lavereda.com.mx\/index.php\/wp-json\/wp\/v2\/media\/4222"}],"wp:attachment":[{"href":"https:\/\/lavereda.com.mx\/index.php\/wp-json\/wp\/v2\/media?parent=4221"}],"wp:term":[{"taxonomy":"category","embeddable":true,"href":"https:\/\/lavereda.com.mx\/index.php\/wp-json\/wp\/v2\/categories?post=4221"},{"taxonomy":"post_tag","embeddable":true,"href":"https:\/\/lavereda.com.mx\/index.php\/wp-json\/wp\/v2\/tags?post=4221"}],"curies":[{"name":"wp","href":"https:\/\/api.w.org\/{rel}","templated":true}]}}